{"id":11336,"date":"2022-02-17T11:23:14","date_gmt":"2022-02-17T14:23:14","guid":{"rendered":"https:\/\/ifdcvm-slu.infd.edu.ar\/sitio\/?p=11336"},"modified":"2022-02-17T11:23:15","modified_gmt":"2022-02-17T14:23:15","slug":"tramar-5-de-marzo","status":"publish","type":"post","link":"https:\/\/ifdcvm-slu.infd.edu.ar\/sitio\/tramar-5-de-marzo\/","title":{"rendered":"TRAMAR: 5 DE MARZO"},"content":{"rendered":"\n<p>El <strong>5 DE MARZO <\/strong>Te invitamos a <a href=\"https:\/\/tramar.sanluis.gov.ar\/\" data-type=\"URL\" data-id=\"https:\/\/tramar.sanluis.gov.ar\/\" target=\"_blank\" rel=\"noreferrer noopener\">TRAMAR<\/a>, un espacio para el debate, la reflexi\u00f3n y los abrazos.<br>Se acerca un nuevo D\u00eda Internacional de las Mujeres Trabajadoras y &#8211; entre todos los organismos del Gobierno de San Luis &#8211; estamos organizando un evento para conocernos y escucharnos entre las mujeres y disidencias de nuestra provincia.<\/p>\n\n\n\n<figure class=\"wp-block-image size-large\"><img decoding=\"async\" loading=\"lazy\" width=\"1182\" height=\"1280\" src=\"https:\/\/ifdcvm-slu.infd.edu.ar\/sitio\/wp-content\/uploads\/2022\/02\/WhatsApp-Image-2022-02-17-at-10.38.29-AM.jpeg\" alt=\"\" class=\"wp-image-11337\" srcset=\"https:\/\/ifdcvm-slu.infd.edu.ar\/sitio\/wp-content\/uploads\/2022\/02\/WhatsApp-Image-2022-02-17-at-10.38.29-AM.jpeg 1182w, https:\/\/ifdcvm-slu.infd.edu.ar\/sitio\/wp-content\/uploads\/2022\/02\/WhatsApp-Image-2022-02-17-at-10.38.29-AM-923x1000.jpeg 923w, https:\/\/ifdcvm-slu.infd.edu.ar\/sitio\/wp-content\/uploads\/2022\/02\/WhatsApp-Image-2022-02-17-at-10.38.29-AM-768x832.jpeg 768w\" sizes=\"(max-width: 1182px) 100vw, 1182px\" \/><figcaption>TRAMAR: Di\u00e1logos para el trabajo, la autonom\u00eda y la igualdad<\/figcaption><\/figure>\n\n\n\n<p><br>&#x2705;Para participar, es necesario inscribirse en: https:\/\/tramar.sanluis.gov.ar\/ y contar con Pase Sanitario ( esquema de vacunaci\u00f3n contra el Covid-19 &#8211; 2 dosis &#8211; completo); as\u00ed como respetar los protocolos sanitarios necesarios para cuidar el contexto epidemiol\u00f3gico.<\/p>\n\n\n\n<p><br>&#x1f449;CRONOGRAMA de \u201cTramar: Di\u00e1logos para el Trabajo, la Autonom\u00eda y la Igualdad\u201d : <a rel=\"noreferrer noopener\" href=\"https:\/\/tramar.sanluis.gov.ar\/Cronograma\" target=\"_blank\">https:\/\/tramar.sanluis.gov.ar\/Cronograma<\/a><\/p>\n\n\n\n<p>&#x231a;&#xfe0f;Acreditaci\u00f3n: 9:00 Charlas\/Talleres: 10:30 a 13:00 Conferencias: 14:30 a 16:00 Cierre art\u00edstico: 17:00 a 20:30<br>\u00a1Les esperamos!<br>#ifdcvm #di\u00e1logos #tramar<\/p>\n","protected":false},"excerpt":{"rendered":"<p>El 5 DE MARZO Te invitamos a TRAMAR, un espacio para el debate, la reflexi\u00f3n y los abrazos.Se acerca un nuevo D\u00eda Internacional de las Mujeres Trabajadoras y &#8211; entre todos los organismos del Gobierno de San Luis &#8211; estamos organizando un evento para conocernos y escucharnos entre las mujeres y disidencias de nuestra provincia. &#8230; <a title=\"TRAMAR: 5 DE MARZO\" class=\"read-more\" href=\"https:\/\/ifdcvm-slu.infd.edu.ar\/sitio\/tramar-5-de-marzo\/\" aria-label=\"More on TRAMAR: 5 DE MARZO\">[+]<\/a><\/p>\n","protected":false},"author":1518,"featured_media":11338,"comment_status":"open","ping_status":"open","sticky":false,"template":"","format":"standard","meta":[],"categories":[1],"tags":[],"acf":[],"_links":{"self":[{"href":"https:\/\/ifdcvm-slu.infd.edu.ar\/sitio\/wp-json\/wp\/v2\/posts\/11336"}],"collection":[{"href":"https:\/\/ifdcvm-slu.infd.edu.ar\/sitio\/wp-json\/wp\/v2\/posts"}],"about":[{"href":"https:\/\/ifdcvm-slu.infd.edu.ar\/sitio\/wp-json\/wp\/v2\/types\/post"}],"author":[{"embeddable":true,"href":"https:\/\/ifdcvm-slu.infd.edu.ar\/sitio\/wp-json\/wp\/v2\/users\/1518"}],"replies":[{"embeddable":true,"href":"https:\/\/ifdcvm-slu.infd.edu.ar\/sitio\/wp-json\/wp\/v2\/comments?post=11336"}],"version-history":[{"count":1,"href":"https:\/\/ifdcvm-slu.infd.edu.ar\/sitio\/wp-json\/wp\/v2\/posts\/11336\/revisions"}],"predecessor-version":[{"id":11339,"href":"https:\/\/ifdcvm-slu.infd.edu.ar\/sitio\/wp-json\/wp\/v2\/posts\/11336\/revisions\/11339"}],"wp:featuredmedia":[{"embeddable":true,"href":"https:\/\/ifdcvm-slu.infd.edu.ar\/sitio\/wp-json\/wp\/v2\/media\/11338"}],"wp:attachment":[{"href":"https:\/\/ifdcvm-slu.infd.edu.ar\/sitio\/wp-json\/wp\/v2\/media?parent=11336"}],"wp:term":[{"taxonomy":"category","embeddable":true,"href":"https:\/\/ifdcvm-slu.infd.edu.ar\/sitio\/wp-json\/wp\/v2\/categories?post=11336"},{"taxonomy":"post_tag","embeddable":true,"href":"https:\/\/ifdcvm-slu.infd.edu.ar\/sitio\/wp-json\/wp\/v2\/tags?post=11336"}],"curies":[{"name":"wp","href":"https:\/\/api.w.org\/{rel}","templated":true}]}}