{"id":15696,"date":"2024-09-05T07:28:03","date_gmt":"2024-09-05T10:28:03","guid":{"rendered":"https:\/\/ifdcvm-slu.infd.edu.ar\/sitio\/?p=15696"},"modified":"2024-09-05T07:28:05","modified_gmt":"2024-09-05T10:28:05","slug":"capacitacion-taller-de-lectura-y-produccion-audiovisual-nivel-1","status":"publish","type":"post","link":"https:\/\/ifdcvm-slu.infd.edu.ar\/sitio\/capacitacion-taller-de-lectura-y-produccion-audiovisual-nivel-1\/","title":{"rendered":"Capacitaci\u00f3n:\u00a0\u00a0Taller de lectura y producci\u00f3n audiovisual (nivel 1)"},"content":{"rendered":"\n<p><a href=\"https:\/\/drive.google.com\/file\/d\/17F2B-ffqMJw8oLjcnH4-W561AjhOrCws\/view\" data-type=\"URL\" data-id=\"https:\/\/drive.google.com\/file\/d\/17F2B-ffqMJw8oLjcnH4-W561AjhOrCws\/view\" target=\"_blank\" rel=\"noreferrer noopener\">Resoluci\u00f3n N\u00b0279-SDCDyFP-2024<\/a><\/p>\n\n\n\n<figure class=\"wp-block-image size-full\"><img decoding=\"async\" loading=\"lazy\" width=\"1801\" height=\"1801\" src=\"https:\/\/ifdcvm-slu.infd.edu.ar\/sitio\/wp-content\/uploads\/2024\/09\/taller-26.jpg\" alt=\"\" class=\"wp-image-15697\" srcset=\"https:\/\/ifdcvm-slu.infd.edu.ar\/sitio\/wp-content\/uploads\/2024\/09\/taller-26.jpg 1801w, https:\/\/ifdcvm-slu.infd.edu.ar\/sitio\/wp-content\/uploads\/2024\/09\/taller-26-1000x1000.jpg 1000w, https:\/\/ifdcvm-slu.infd.edu.ar\/sitio\/wp-content\/uploads\/2024\/09\/taller-26-500x500.jpg 500w, https:\/\/ifdcvm-slu.infd.edu.ar\/sitio\/wp-content\/uploads\/2024\/09\/taller-26-768x768.jpg 768w, https:\/\/ifdcvm-slu.infd.edu.ar\/sitio\/wp-content\/uploads\/2024\/09\/taller-26-1536x1536.jpg 1536w\" sizes=\"(max-width: 1801px) 100vw, 1801px\" \/><\/figure>\n\n\n\n<p><br><strong>Sobre la propuesta:<\/strong><br>El taller de lectura y producci\u00f3n audiovisual (nivel 1) nos propone reconocer el universo de contenidos audiovisuales, mirando mucho y variado, a prop\u00f3sito de la historia del cine, la tele y el video;\u00a0 practicando sus formas espec\u00edficas de producci\u00f3n y sumergi\u00e9ndonos en la \u201caudiovisualizaci\u00f3n\u201d de videos como estrategias pedag\u00f3gicas para la pr\u00e1ctica docente.<\/p>\n\n\n\n<p><strong>Docentes responsables:&nbsp;<\/strong>Enrique Diaz y&nbsp;Javier Vivas<br><strong>Destinado a:&nbsp;<\/strong>&nbsp;Docentes de todos los niveles educativos del SEP<br><strong>D\u00eda y horario de cursado&nbsp;<\/strong>(<em>modalidad semipresencial<\/em>)Jueves a las 18hs \/ 10 encuentros &#8211; Aula 23<\/p>\n\n\n\n<p><strong>Comienza:&nbsp;<\/strong>Jueves 19 de Septiembre &#8211; 18hs<\/p>\n\n\n\n<p><strong>Cronograma:\u00a0<\/strong>19\/09 &#8211;\u00a026\/09 &#8211;\u00a003\/10 &#8211;\u00a010\/10 &#8211;\u00a017\/10 &#8211;\u00a031\/10 &#8211;\u00a007\/11 &#8211;\u00a014\/11 &#8211;\u00a021\/11 &#8211;\u00a028\/11<\/p>\n\n\n\n<p>(<em>otorga puntaje docente<\/em>)<\/p>\n\n\n\n<p class=\"has-luminous-vivid-amber-to-luminous-vivid-orange-gradient-background has-background\"><strong><a href=\"https:\/\/forms.gle\/zxbejpLEVs68KNBK6\" data-type=\"URL\" data-id=\"https:\/\/forms.gle\/zxbejpLEVs68KNBK6\" target=\"_blank\" rel=\"noreferrer noopener\">LINK DE INSCRIPCI\u00d3N<\/a><\/strong><\/p>\n\n\n\n<p><\/p>\n","protected":false},"excerpt":{"rendered":"<p>Resoluci\u00f3n N\u00b0279-SDCDyFP-2024 Sobre la propuesta:El taller de lectura y producci\u00f3n audiovisual (nivel 1) nos propone reconocer el universo de contenidos audiovisuales, mirando mucho y variado, a prop\u00f3sito de la historia del cine, la tele y el video;\u00a0 practicando sus formas espec\u00edficas de producci\u00f3n y sumergi\u00e9ndonos en la \u201caudiovisualizaci\u00f3n\u201d de videos como estrategias pedag\u00f3gicas para la &#8230; <a title=\"Capacitaci\u00f3n:\u00a0\u00a0Taller de lectura y producci\u00f3n audiovisual (nivel 1)\" class=\"read-more\" href=\"https:\/\/ifdcvm-slu.infd.edu.ar\/sitio\/capacitacion-taller-de-lectura-y-produccion-audiovisual-nivel-1\/\" aria-label=\"More on Capacitaci\u00f3n:\u00a0\u00a0Taller de lectura y producci\u00f3n audiovisual (nivel 1)\">[+]<\/a><\/p>\n","protected":false},"author":1518,"featured_media":15698,"comment_status":"open","ping_status":"open","sticky":false,"template":"","format":"standard","meta":[],"categories":[1],"tags":[],"acf":[],"_links":{"self":[{"href":"https:\/\/ifdcvm-slu.infd.edu.ar\/sitio\/wp-json\/wp\/v2\/posts\/15696"}],"collection":[{"href":"https:\/\/ifdcvm-slu.infd.edu.ar\/sitio\/wp-json\/wp\/v2\/posts"}],"about":[{"href":"https:\/\/ifdcvm-slu.infd.edu.ar\/sitio\/wp-json\/wp\/v2\/types\/post"}],"author":[{"embeddable":true,"href":"https:\/\/ifdcvm-slu.infd.edu.ar\/sitio\/wp-json\/wp\/v2\/users\/1518"}],"replies":[{"embeddable":true,"href":"https:\/\/ifdcvm-slu.infd.edu.ar\/sitio\/wp-json\/wp\/v2\/comments?post=15696"}],"version-history":[{"count":1,"href":"https:\/\/ifdcvm-slu.infd.edu.ar\/sitio\/wp-json\/wp\/v2\/posts\/15696\/revisions"}],"predecessor-version":[{"id":15699,"href":"https:\/\/ifdcvm-slu.infd.edu.ar\/sitio\/wp-json\/wp\/v2\/posts\/15696\/revisions\/15699"}],"wp:featuredmedia":[{"embeddable":true,"href":"https:\/\/ifdcvm-slu.infd.edu.ar\/sitio\/wp-json\/wp\/v2\/media\/15698"}],"wp:attachment":[{"href":"https:\/\/ifdcvm-slu.infd.edu.ar\/sitio\/wp-json\/wp\/v2\/media?parent=15696"}],"wp:term":[{"taxonomy":"category","embeddable":true,"href":"https:\/\/ifdcvm-slu.infd.edu.ar\/sitio\/wp-json\/wp\/v2\/categories?post=15696"},{"taxonomy":"post_tag","embeddable":true,"href":"https:\/\/ifdcvm-slu.infd.edu.ar\/sitio\/wp-json\/wp\/v2\/tags?post=15696"}],"curies":[{"name":"wp","href":"https:\/\/api.w.org\/{rel}","templated":true}]}}