{"id":17666,"date":"2026-03-10T10:37:39","date_gmt":"2026-03-10T13:37:39","guid":{"rendered":"https:\/\/ifdcvm-slu.infd.edu.ar\/sitio\/?p=17666"},"modified":"2026-03-10T10:37:41","modified_gmt":"2026-03-10T13:37:41","slug":"ayudantias-y-adscripciones-1-convocatoria-2026","status":"publish","type":"post","link":"https:\/\/ifdcvm-slu.infd.edu.ar\/sitio\/ayudantias-y-adscripciones-1-convocatoria-2026\/","title":{"rendered":"Ayudant\u00edas y adscripciones 1\u00b0 Convocatoria 2026"},"content":{"rendered":"\n<figure class=\"wp-block-image size-large\"><img decoding=\"async\" loading=\"lazy\" width=\"1900\" height=\"1900\" src=\"https:\/\/ifdcvm-slu.infd.edu.ar\/sitio\/wp-content\/uploads\/2026\/03\/redes-1900x1900.png\" alt=\"\" class=\"wp-image-17667\" srcset=\"https:\/\/ifdcvm-slu.infd.edu.ar\/sitio\/wp-content\/uploads\/2026\/03\/redes-1900x1900.png 1900w, https:\/\/ifdcvm-slu.infd.edu.ar\/sitio\/wp-content\/uploads\/2026\/03\/redes-1000x1000.png 1000w, https:\/\/ifdcvm-slu.infd.edu.ar\/sitio\/wp-content\/uploads\/2026\/03\/redes-500x500.png 500w, https:\/\/ifdcvm-slu.infd.edu.ar\/sitio\/wp-content\/uploads\/2026\/03\/redes-768x768.png 768w, https:\/\/ifdcvm-slu.infd.edu.ar\/sitio\/wp-content\/uploads\/2026\/03\/redes-1536x1536.png 1536w, https:\/\/ifdcvm-slu.infd.edu.ar\/sitio\/wp-content\/uploads\/2026\/03\/redes-2048x2048.png 2048w\" sizes=\"(max-width: 1900px) 100vw, 1900px\" \/><\/figure>\n\n\n\n<p>Las <strong><em>Ayudant\u00edas y Adscripciones <\/em><\/strong>del IFDC-VM est\u00e1n destinadas a estudiantes y graduadas\/os de los Institutos de Formaci\u00f3n Docente de la Provincia y profesionales de otras instituciones educativas de nivel superior o universitario.<\/p>\n\n\n\n<p>Todas las personas que lleven a cabo funciones ad honorem dentro de las UC del IFDC-VM, sean <strong>estudiante, graduados\/as o profesionales de otras instituciones<\/strong>, ser\u00e1n protocolizadas por esas funciones por la Direcci\u00f3n de Educaci\u00f3n Superior y Capacitaci\u00f3n Docente al finalizar el a\u00f1o acad\u00e9mico, seg\u00fan lo establece la resoluci\u00f3n <a href=\"https:\/\/drive.google.com\/file\/d\/1R9sIGpY_mPWHWJXx93gzG1DoWzr9Kaw9\/view?usp=sharing\">126-DESYCD-2025.<\/a><\/p>\n\n\n\n<p>Pod\u00e9s postularte bajo las siguientes figuras:<\/p>\n\n\n\n<figure class=\"wp-block-table\"><table><tbody><tr><td><strong>Perfil<\/strong><\/td><td><strong>Condiciones<\/strong><\/td><\/tr><tr><td><br><br><strong>Ayudante alumno\/a<\/strong><\/td><td>Estudiante inicial&nbsp; de todos los profesorados de gesti\u00f3n , que hayan demostrado buen rendimiento y que tengan aprobado el 50% (cincuenta por ciento) de la carrera que cursen y que adem\u00e1s hayan aprobado con m\u00ednimo de siete (7) puntos, la materia para la que se postulan.<\/td><\/tr><tr><td><br><br><br><br><strong>Tutor\/a de pares<\/strong><\/td><td>Estudiante de 3\u00b0 y 4\u00b0 a\u00f1o de todos los profesorados , que hayan demostrado buen rendimiento y que tengan aprobado el 60% (sesenta por ciento) de la carrera que cursen. Los \u00abTutores de pares\u00bb, est\u00e1n destinados al acompa\u00f1amiento pedag\u00f3gico de los estudiantes que ingresan al IFDVM durante el primer a\u00f1o de su carrera.<\/td><\/tr><tr><td><br><br><strong>Graduado\/a del IFDCVM<\/strong><\/td><td>Graduados\/as del IFDCVM que pueden realizar tareas&nbsp; en diversas unidades curriculares que se denominan \u00abPr\u00e1cticas ad honorem\u00bb y\/o colaboran en proyectos de investigaci\u00f3n o extensi\u00f3n.<\/td><\/tr><tr><td><br><strong>Graduado\/a de otras instituciones<\/strong><\/td><td>Graduados\/as provenientes de otras instituciones que desempe\u00f1an tareas&nbsp; en diversas unidades curriculares que se denominan \u00abPr\u00e1cticas ad honorem\u00bb y\/o colaboran en proyectos de investigaci\u00f3n o extensi\u00f3n.<\/td><\/tr><tr><td><br><br><strong>Ayudante de Extensi\u00f3n<\/strong><\/td><td>Graduados y\/o estudiantes de 3\u00b0 y 4\u00b0 a\u00f1o de todos los profesorados que tengan aprobado el 50% (cincuenta por ciento) de la carrera que cursen. Los\/as \u00abAyudantes de Extensi\u00f3n\u00bb con car\u00e1cter ad honorem pueden desarrollar tareas de investigaci\u00f3n, proyectos culturales, sociales y recreativos destinados a la formaci\u00f3n integral de los futuros docentes por medio de su vinculaci\u00f3n con la comunidad.<\/td><\/tr><\/tbody><\/table><figcaption class=\"wp-element-caption\"><strong>Si te interesa postularte para las <em>Ayudant\u00edas y\u00a0 Adscripciones del IFDC-VM, <\/em>segu\u00ed los siguientes pasos:<\/strong><br>1. Consult\u00e1 las unidades curriculares que solicitan ayudantes <a href=\"https:\/\/docs.google.com\/document\/d\/1FqZ8q3BSwZSZtd0APbTz8eFAukQUFWxJ\/edit?usp=sharing&amp;ouid=103975121298357383613&amp;rtpof=true&amp;sd=true\">(<strong>VER AQU\u00cd<\/strong>)<\/a><br>2. Descarg\u00e1 y complet\u00e1 la <a href=\"https:\/\/docs.google.com\/document\/d\/1qhcejIjqLZXh9wwk6y1UAHlX8BQSKuDSOp6eh2pCXp8\/edit?usp=sharing\"><strong>FICHA DE ADMISI\u00d3N<\/strong><\/a> (seg\u00fan corresponda como ayudante, tutor o graduada\/o-profesional) y env\u00edaselo por mail al docente responsable del espacio curricular al que quer\u00e9s postularte. Junto con la ficha, debes adjuntar la documentaci\u00f3n requerida:<br>&#8211; Si sos ESTUDIANTE enviar <strong>copia de DNI<\/strong>,<strong>situaci\u00f3n acad\u00e9mica<\/strong> y <strong>certificado de alumna\/o regular <\/strong>(ambos se descargan del SIU).<br>&#8211; En el caso de las\/os GRADUADAS\/OS DE IFDCVM o PROFESIONALES, deben enviar <strong>copia de DNI y certificado anal\u00edtico<\/strong>.<\/figcaption><\/figure>\n\n\n\n<p><\/p>\n\n\n\n<p class=\"has-very-light-gray-to-cyan-bluish-gray-gradient-background has-background\">Ten\u00e9s tiempo para postularte del <strong>\u00a010 al 14 de marzo<\/strong><\/p>\n\n\n\n<p><\/p>\n","protected":false},"excerpt":{"rendered":"<p>Las Ayudant\u00edas y Adscripciones del IFDC-VM est\u00e1n destinadas a estudiantes y graduadas\/os de los Institutos de Formaci\u00f3n Docente de la Provincia y profesionales de otras instituciones educativas de nivel superior o universitario. Todas las personas que lleven a cabo funciones ad honorem dentro de las UC del IFDC-VM, sean estudiante, graduados\/as o profesionales de otras &#8230; <a title=\"Ayudant\u00edas y adscripciones 1\u00b0 Convocatoria 2026\" class=\"read-more\" href=\"https:\/\/ifdcvm-slu.infd.edu.ar\/sitio\/ayudantias-y-adscripciones-1-convocatoria-2026\/\" aria-label=\"More on Ayudant\u00edas y adscripciones 1\u00b0 Convocatoria 2026\">[+]<\/a><\/p>\n","protected":false},"author":1518,"featured_media":17668,"comment_status":"open","ping_status":"open","sticky":false,"template":"","format":"standard","meta":[],"categories":[1],"tags":[],"acf":[],"_links":{"self":[{"href":"https:\/\/ifdcvm-slu.infd.edu.ar\/sitio\/wp-json\/wp\/v2\/posts\/17666"}],"collection":[{"href":"https:\/\/ifdcvm-slu.infd.edu.ar\/sitio\/wp-json\/wp\/v2\/posts"}],"about":[{"href":"https:\/\/ifdcvm-slu.infd.edu.ar\/sitio\/wp-json\/wp\/v2\/types\/post"}],"author":[{"embeddable":true,"href":"https:\/\/ifdcvm-slu.infd.edu.ar\/sitio\/wp-json\/wp\/v2\/users\/1518"}],"replies":[{"embeddable":true,"href":"https:\/\/ifdcvm-slu.infd.edu.ar\/sitio\/wp-json\/wp\/v2\/comments?post=17666"}],"version-history":[{"count":1,"href":"https:\/\/ifdcvm-slu.infd.edu.ar\/sitio\/wp-json\/wp\/v2\/posts\/17666\/revisions"}],"predecessor-version":[{"id":17669,"href":"https:\/\/ifdcvm-slu.infd.edu.ar\/sitio\/wp-json\/wp\/v2\/posts\/17666\/revisions\/17669"}],"wp:featuredmedia":[{"embeddable":true,"href":"https:\/\/ifdcvm-slu.infd.edu.ar\/sitio\/wp-json\/wp\/v2\/media\/17668"}],"wp:attachment":[{"href":"https:\/\/ifdcvm-slu.infd.edu.ar\/sitio\/wp-json\/wp\/v2\/media?parent=17666"}],"wp:term":[{"taxonomy":"category","embeddable":true,"href":"https:\/\/ifdcvm-slu.infd.edu.ar\/sitio\/wp-json\/wp\/v2\/categories?post=17666"},{"taxonomy":"post_tag","embeddable":true,"href":"https:\/\/ifdcvm-slu.infd.edu.ar\/sitio\/wp-json\/wp\/v2\/tags?post=17666"}],"curies":[{"name":"wp","href":"https:\/\/api.w.org\/{rel}","templated":true}]}}