{"id":17957,"date":"2026-04-23T12:01:23","date_gmt":"2026-04-23T15:01:23","guid":{"rendered":"https:\/\/ifdcvm-slu.infd.edu.ar\/sitio\/?p=17957"},"modified":"2026-04-23T12:34:41","modified_gmt":"2026-04-23T15:34:41","slug":"2-llamado-a-concurso-docente-2026","status":"publish","type":"post","link":"https:\/\/ifdcvm-slu.infd.edu.ar\/sitio\/2-llamado-a-concurso-docente-2026\/","title":{"rendered":"2\u00b0 llamado a concurso DOCENTE 2026"},"content":{"rendered":"\n<figure class=\"wp-block-table\"><table><tbody><tr><td class=\"has-text-align-center\" data-align=\"center\"><strong>Resoluci\u00f3n Rectoral<\/strong><\/td><td class=\"has-text-align-center\" data-align=\"center\"><strong>Cargo\/ horas reloj<\/strong><\/td><td class=\"has-text-align-center\" data-align=\"center\"><strong>Profesorado\/s<\/strong><\/td><td class=\"has-text-align-center\" data-align=\"center\"><strong>Unidad curricular<\/strong><\/td><td class=\"has-text-align-center\" data-align=\"center\"><strong>Formaci\u00f3n Profesional<\/strong><\/td><\/tr><tr><td class=\"has-text-align-center\" data-align=\"center\"><a href=\"https:\/\/drive.google.com\/file\/d\/1_F9bh_5lxhgVinLLxPqYkt2rThoXeVXV\/view?usp=drive_link\" data-type=\"URL\" data-id=\"https:\/\/drive.google.com\/file\/d\/1_F9bh_5lxhgVinLLxPqYkt2rThoXeVXV\/view?usp=drive_link\" target=\"_blank\" rel=\"noreferrer noopener\">Resoluci\u00f3n rectoral N\u00b0 23\/2026<\/a><\/td><td class=\"has-text-align-center\" data-align=\"center\">Profesor Responsable 35 hs.<\/td><td class=\"has-text-align-center\" data-align=\"center\">Profesorado de Teatro con Orientaci\u00f3n en Pr\u00e1ctica Teatral<\/td><td class=\"has-text-align-center\" data-align=\"center\"><strong>-Voz I<\/strong><br><strong>-Voz II<\/strong><\/td><td class=\"has-text-align-center\" data-align=\"center\">Licenciado\/a o Profesor\/a Superior en Teatro o t\u00edtulo superior con incumbencia teatral. Con experiencia comprobable en la pr\u00e1ctica esc\u00e9nica y entrenamiento vocal para teatro. Con experiencia docente en espacios afines al cargo solicitado (no excluyente).<\/td><\/tr><tr><td class=\"has-text-align-center\" data-align=\"center\"><a href=\"https:\/\/drive.google.com\/file\/d\/11Gx5vhQbEtzaa6oAnI99ac2O6HFPUG8t\/view?usp=drive_link\" data-type=\"URL\" data-id=\"https:\/\/drive.google.com\/file\/d\/11Gx5vhQbEtzaa6oAnI99ac2O6HFPUG8t\/view?usp=drive_link\" target=\"_blank\" rel=\"noreferrer noopener\">Resoluci\u00f3n rectoral N\u00b0 24\/2026<\/a><\/td><td class=\"has-text-align-center\" data-align=\"center\">Profesor Responsable 35 hs.<\/td><td class=\"has-text-align-center\" data-align=\"center\">Profesorado de Teatro con Orientaci\u00f3n en Pr\u00e1ctica Teatral<\/td><td class=\"has-text-align-center\" data-align=\"center\"><strong>-Actuaci\u00f3n III<\/strong> <strong>-Laboratorio de&nbsp; Experimentaci\u00f3n&nbsp; Esc\u00e9nica<\/strong><\/td><td class=\"has-text-align-center\" data-align=\"center\">Licenciado\/a o Profesor\/a Superior en Teatro o t\u00edtulo superior con incumbencia teatral. Con experiencia comprobable en la pr\u00e1ctica esc\u00e9nica. Con experiencia docente en espacios afines al cargo solicitado (no excluyente).<\/td><\/tr><tr><td class=\"has-text-align-center\" data-align=\"center\"><a href=\"https:\/\/drive.google.com\/file\/d\/15EWqjd1xc6Xt4KKgyKTO07q3wOOuhlR1\/view?usp=drive_link\" data-type=\"URL\" data-id=\"https:\/\/drive.google.com\/file\/d\/15EWqjd1xc6Xt4KKgyKTO07q3wOOuhlR1\/view?usp=drive_link\" target=\"_blank\" rel=\"noreferrer noopener\">Resoluci\u00f3n rectoral N\u00b025\/2026<\/a><\/td><td class=\"has-text-align-center\" data-align=\"center\">Docente Auxiliar 25 hs<\/td><td class=\"has-text-align-center\" data-align=\"center\">Campo de la Formaci\u00f3n General- Profesorados de Educaci\u00f3n Secundaria en Matem\u00e1tica, Educaci\u00f3n Secundaria en Lengua y Literatura, M\u00fasica, Artes Visuales, Educaci\u00f3n Tecnol\u00f3gica,&nbsp; con Orientaci\u00f3n en Pr\u00e1ctica Teatral.<\/td><td class=\"has-text-align-center\" data-align=\"center\"><strong>-Pedagog\u00eda<\/strong> <strong>-Sociolog\u00eda de la Educaci\u00f3n,<\/strong><\/td><td class=\"has-text-align-center\" data-align=\"center\">Profesor\/a en Ciencias de la Educaci\u00f3n o en Sociolog\u00eda, con vinculaci\u00f3n al campo educativo y a la formaci\u00f3n pedag\u00f3gica. Se valorar\u00e1n estudios de posgrado, especialmente especializaciones en educaci\u00f3n sociopol\u00edtica. Se requiere capacidad para dise\u00f1ar y elaborar pr\u00e1cticas pedag\u00f3gico-did\u00e1cticas y actividades que faciliten la comprensi\u00f3n de contenidos pedag\u00f3gicos y sociol\u00f3gicos.<\/td><\/tr><tr><td class=\"has-text-align-center\" data-align=\"center\"><a href=\"https:\/\/drive.google.com\/file\/d\/1Z-O0xXXdlZcEe3KpQgJxNlzEYkWe6A_A\/view?usp=drive_link\" data-type=\"URL\" data-id=\"https:\/\/drive.google.com\/file\/d\/1Z-O0xXXdlZcEe3KpQgJxNlzEYkWe6A_A\/view?usp=drive_link\" target=\"_blank\" rel=\"noreferrer noopener\">Resoluci\u00f3n rectoral N\u00b026\/2026<\/a><\/td><td class=\"has-text-align-center\" data-align=\"center\">Docente Auxiliar 25 hs<\/td><td class=\"has-text-align-center\" data-align=\"center\">&nbsp; &nbsp;Educaci\u00f3n Primaria<\/td><td class=\"has-text-align-center\" data-align=\"center\">&nbsp; &nbsp;<strong>&nbsp;Pr\u00e1ctica<\/strong> <strong>&nbsp;Docente<\/strong> I &nbsp;<\/td><td class=\"has-text-align-center\" data-align=\"center\">Profesor\/a en Ciencias de la Educaci\u00f3n. Licenciados en Ciencias de la Educaci\u00f3n. Profesor\/a de ense\u00f1anza primaria con posgrados en educaci\u00f3n finalizados o en curso, con experiencia en el Sistema Educativo en el Nivel Primario. Con residencia en la ciudad de Villa Mercedes (excluyente)<\/td><\/tr><tr><td class=\"has-text-align-center\" data-align=\"center\"><a href=\"https:\/\/drive.google.com\/file\/d\/1hfyybMaPqTcw4VHlt4ClphhQrpf6ZBBe\/view?usp=drive_link\" data-type=\"URL\" data-id=\"https:\/\/drive.google.com\/file\/d\/1hfyybMaPqTcw4VHlt4ClphhQrpf6ZBBe\/view?usp=drive_link\" target=\"_blank\" rel=\"noreferrer noopener\">Resoluci\u00f3n rectoral N\u00b027\/2026<\/a><\/td><td class=\"has-text-align-center\" data-align=\"center\">Suplencia Profesor Responsable 35 hs.<\/td><td class=\"has-text-align-center\" data-align=\"center\">Educaci\u00f3n Secundaria en EN Matem\u00e1tica, Educaci\u00f3n Secundaria en Lengua y Literatura, de Educaci\u00f3n Tecnol\u00f3gica<\/td><td class=\"has-text-align-center\" data-align=\"center\"><strong>-Did\u00e1ctica<\/strong> <strong>General<\/strong> &#8211;<strong> Pr\u00e1ctica II.&nbsp;<\/strong> <strong>&nbsp;<\/strong> &nbsp;<\/td><td class=\"has-text-align-center\" data-align=\"center\">Licenciado\/a en Educaci\u00f3n.Licenciado\/a en Ciencias de la Educaci\u00f3n.Profesor\/a en Ciencias de la Educaci\u00f3n. -Con postgrado af\u00edn al concurso finalizado y\/o en curso -Experiencia en Nivel Secundario (excluyente) -Experiencia en Nivel Superior (excluyente) -Con residencia en la ciudad de Villa Mercedes (excluyente)<\/td><\/tr><tr><td class=\"has-text-align-center\" data-align=\"center\"><a href=\"https:\/\/drive.google.com\/file\/d\/1uHHcG2538eP1x6sZXnEN9jz_QpP4U4R6\/view?usp=drive_link\" data-type=\"URL\" data-id=\"https:\/\/drive.google.com\/file\/d\/1uHHcG2538eP1x6sZXnEN9jz_QpP4U4R6\/view?usp=drive_link\" target=\"_blank\" rel=\"noreferrer noopener\">Resoluci\u00f3n rectoral N\u00b028\/2026<\/a><\/td><td class=\"has-text-align-center\" data-align=\"center\">Suplencia Profesor Responsable 35 hs.<\/td><td class=\"has-text-align-center\" data-align=\"center\">&nbsp;Educaci\u00f3n Secundaria en EN Matem\u00e1tica,<br>Educaci\u00f3n Secundaria en Lengua y Literatura, de Educaci\u00f3n Tecnol\u00f3gica, Profesorado de M\u00fasica, Profesorado de Artes Visuales.<\/td><td class=\"has-text-align-center\" data-align=\"center\"><strong>-Pr\u00e1ctica<\/strong> <strong>Docente II<\/strong> <strong>-Pr\u00e1ctica II<\/strong><\/td><td class=\"has-text-align-center\" data-align=\"center\">Profesor de Artes Visuales o Profesor de Lengua y Literatura o Profesor de Educaci\u00f3n Tecnolog\u00eda o Profesor de Matem\u00e1tica o Profesor de M\u00fasica, o Profesor en Ciencias de la Educaci\u00f3n, con Licenciatura o Posgrados en Educaci\u00f3n finalizado o en curso. Con experiencia en el sistema educativo (nivel secundario) y con experiencia como formador de formadores en el campo de la pr\u00e1ctica (excluyente) Con residencia en la ciudad de Villa Mercedes (excluyente)&nbsp;<\/td><\/tr><\/tbody><\/table><\/figure>\n\n\n\n<hr class=\"wp-block-separator has-alpha-channel-opacity\"\/>\n\n\n\n<p class=\"has-base-background-color has-background\"><strong>IMPORTANTE<\/strong>: Plazo de presentaci\u00f3n de documentaci\u00f3n: <strong>desde el 24 de abril hasta el 15 de mayo de 2026<\/strong> hasta las 23:59 horas.<br>Modalidad de presentaci\u00f3n: la documentaci\u00f3n deber\u00e1 enviarse exclusivamente en formato digital al correo electr\u00f3nico rectorado@ifdcvm.edu.ar<\/p>\n\n\n\n<hr class=\"wp-block-separator has-alpha-channel-opacity\"\/>\n\n\n\n<p><strong>LINKS QUE DEBER\u00c1 TENER EN CUENTA:<\/strong><br>\u2013&nbsp;<a rel=\"noreferrer noopener\" href=\"https:\/\/drive.google.com\/file\/d\/0B1W8DH-HGW-gVjBCYllaSjlyc00\/view?usp=sharing\" target=\"_blank\">P.E.I. (Proyecto Educativo Institucional).<\/a><br>\u2013&nbsp;<a rel=\"noreferrer noopener\" href=\"https:\/\/drive.google.com\/file\/d\/1fOVsA2UraI-UIulyPaXWSVpmo6D_j1Uv\/view?usp=sharing\" target=\"_blank\">R\u00e9gimen de concursos vigentes<\/a>.&nbsp;(Resoluci\u00f3n N\u00b0 70\/2023).<br>\u2013&nbsp;<a rel=\"noreferrer noopener\" href=\"https:\/\/ifdcvm-slu.infd.edu.ar\/sitio\/wp-content\/uploads\/2026\/03\/FICHADEINSCRIPCION_CONCURSOS_2026.doc\" target=\"_blank\">Solicitud de inscripci\u00f3n<\/a>&nbsp;(Formato Word).<\/p>\n\n\n\n<p><\/p>\n","protected":false},"excerpt":{"rendered":"<p>Resoluci\u00f3n Rectoral Cargo\/ horas reloj Profesorado\/s Unidad curricular Formaci\u00f3n Profesional Resoluci\u00f3n rectoral N\u00b0 23\/2026 Profesor Responsable 35 hs. Profesorado de Teatro con Orientaci\u00f3n en Pr\u00e1ctica Teatral -Voz I-Voz II Licenciado\/a o Profesor\/a Superior en Teatro o t\u00edtulo superior con incumbencia teatral. Con experiencia comprobable en la pr\u00e1ctica esc\u00e9nica y entrenamiento vocal para teatro. Con experiencia &#8230; <a title=\"2\u00b0 llamado a concurso DOCENTE 2026\" class=\"read-more\" href=\"https:\/\/ifdcvm-slu.infd.edu.ar\/sitio\/2-llamado-a-concurso-docente-2026\/\" aria-label=\"More on 2\u00b0 llamado a concurso DOCENTE 2026\">[+]<\/a><\/p>\n","protected":false},"author":1518,"featured_media":17958,"comment_status":"open","ping_status":"open","sticky":false,"template":"","format":"standard","meta":[],"categories":[1],"tags":[55,21],"acf":[],"_links":{"self":[{"href":"https:\/\/ifdcvm-slu.infd.edu.ar\/sitio\/wp-json\/wp\/v2\/posts\/17957"}],"collection":[{"href":"https:\/\/ifdcvm-slu.infd.edu.ar\/sitio\/wp-json\/wp\/v2\/posts"}],"about":[{"href":"https:\/\/ifdcvm-slu.infd.edu.ar\/sitio\/wp-json\/wp\/v2\/types\/post"}],"author":[{"embeddable":true,"href":"https:\/\/ifdcvm-slu.infd.edu.ar\/sitio\/wp-json\/wp\/v2\/users\/1518"}],"replies":[{"embeddable":true,"href":"https:\/\/ifdcvm-slu.infd.edu.ar\/sitio\/wp-json\/wp\/v2\/comments?post=17957"}],"version-history":[{"count":3,"href":"https:\/\/ifdcvm-slu.infd.edu.ar\/sitio\/wp-json\/wp\/v2\/posts\/17957\/revisions"}],"predecessor-version":[{"id":17963,"href":"https:\/\/ifdcvm-slu.infd.edu.ar\/sitio\/wp-json\/wp\/v2\/posts\/17957\/revisions\/17963"}],"wp:featuredmedia":[{"embeddable":true,"href":"https:\/\/ifdcvm-slu.infd.edu.ar\/sitio\/wp-json\/wp\/v2\/media\/17958"}],"wp:attachment":[{"href":"https:\/\/ifdcvm-slu.infd.edu.ar\/sitio\/wp-json\/wp\/v2\/media?parent=17957"}],"wp:term":[{"taxonomy":"category","embeddable":true,"href":"https:\/\/ifdcvm-slu.infd.edu.ar\/sitio\/wp-json\/wp\/v2\/categories?post=17957"},{"taxonomy":"post_tag","embeddable":true,"href":"https:\/\/ifdcvm-slu.infd.edu.ar\/sitio\/wp-json\/wp\/v2\/tags?post=17957"}],"curies":[{"name":"wp","href":"https:\/\/api.w.org\/{rel}","templated":true}]}}