{"id":17960,"date":"2026-04-23T12:44:35","date_gmt":"2026-04-23T15:44:35","guid":{"rendered":"https:\/\/ifdcvm-slu.infd.edu.ar\/sitio\/?p=17960"},"modified":"2026-04-23T12:44:59","modified_gmt":"2026-04-23T15:44:59","slug":"2-llamado-a-concurso-no-docente-2026","status":"publish","type":"post","link":"https:\/\/ifdcvm-slu.infd.edu.ar\/sitio\/2-llamado-a-concurso-no-docente-2026\/","title":{"rendered":"2\u00b0 llamado a concurso NO DOCENTE 2026"},"content":{"rendered":"\n<p><strong>CONVOCATORIA cargo de Secretario\/a de Extensi\u00f3n y Capacitaci\u00f3n.<\/strong><\/p>\n\n\n\n<p class=\"has-electric-grass-gradient-background has-background\"><a href=\"https:\/\/drive.google.com\/file\/d\/1gnYklvItVYrjGr0bTXg2-5QNQIFRbVZA\/view?usp=drive_link\" data-type=\"URL\" data-id=\"https:\/\/drive.google.com\/file\/d\/1gnYklvItVYrjGr0bTXg2-5QNQIFRbVZA\/view?usp=drive_link\" target=\"_blank\" rel=\"noreferrer noopener\">RESOLUCI\u00d3N RECTORAL N\u00b029\/2026<\/a><\/p>\n\n\n\n<p>&#x1f4e3;El IFDC Villa Mercedes&nbsp;<strong>convoca a aspirantes para cubrir el cargo de Secretario\/a de Extensi\u00f3n y Capacitaci\u00f3n, con dedicaci\u00f3n full time, con una carga horaria de 40 horas reloj semanales.<\/strong><\/p>\n\n\n\n<p>&#x270d;&#x1f3fb;Requisito de formaci\u00f3n acad\u00e9mica para los aspirantes la acreditaci\u00f3n de alguno de los siguientes t\u00edtulos o formaciones espec\u00edficas vinculadas al campo t\u00e9cnico de la sonorizaci\u00f3n, iluminaci\u00f3n esc\u00e9nica o \u00e1reas afines al objeto del presente concurso:<\/p>\n\n\n\n<p>T\u00e9cnico\/a Superior en Sonido.<\/p>\n\n\n\n<p>T\u00e9cnico\/a en Iluminaci\u00f3n de Espect\u00e1culos.<\/p>\n\n\n\n<p>T\u00e9cnico\/a Universitario\/a en Sonorizaci\u00f3n.<\/p>\n\n\n\n<p>T\u00edtulo t\u00e9cnico o universitario af\u00edn al objeto del concurso. (excluyente)<\/p>\n\n\n\n<p>&#x231a;Establecer que el <strong>plazo de entrega de documentaci\u00f3n f\u00edsica, se extiende entre el <\/strong>plazo de presentaci\u00f3n de documentaci\u00f3n: <strong>desde el 24&nbsp; de abril hasta el 15 de mayo de 2026, hasta las 13:00 hs<\/strong> en Secretar\u00eda de&nbsp; Rectorado del Instituto de Formaci\u00f3n Docente de Villa Mercedes, sito en 9 de Julio 1147 en d\u00edas h\u00e1biles. Aquellos\/as postulantes que env\u00eden la inscripci\u00f3n y la documentaci\u00f3n por correo postal, deber\u00e1n hacerlo con aviso de retorno.<\/p>\n\n\n\n<p class=\"has-contrast-3-background-color has-background\">&#x2709;&#xfe0f;Para m\u00e1s informaci\u00f3n escriba a rectorado@ifdcvm.edu.ar<\/p>\n\n\n\n<hr class=\"wp-block-separator has-alpha-channel-opacity\"\/>\n\n\n\n<p><strong>LINKS QUE DEBER\u00c1 TENER EN CUENTA:<\/strong><br>\u2013&nbsp;<a rel=\"noreferrer noopener\" href=\"https:\/\/drive.google.com\/file\/d\/0B1W8DH-HGW-gVjBCYllaSjlyc00\/view?usp=sharing\" target=\"_blank\">P.E.I. (Proyecto Educativo Institucional).<\/a><br>\u2013&nbsp;<a rel=\"noreferrer noopener\" href=\"https:\/\/drive.google.com\/file\/d\/1fOVsA2UraI-UIulyPaXWSVpmo6D_j1Uv\/view?usp=sharing\" target=\"_blank\">R\u00e9gimen de concursos vigentes<\/a>.&nbsp;(Resoluci\u00f3n N\u00b0 70\/2023).<br>\u2013&nbsp;<a rel=\"noreferrer noopener\" href=\"https:\/\/ifdcvm-slu.infd.edu.ar\/sitio\/wp-content\/uploads\/2026\/03\/FICHADEINSCRIPCION_CONCURSOS_2026.doc\" target=\"_blank\">Solicitud de inscripci\u00f3n<\/a>&nbsp;(Formato Word).<\/p>\n\n\n\n<p><\/p>\n","protected":false},"excerpt":{"rendered":"<p>CONVOCATORIA cargo de Secretario\/a de Extensi\u00f3n y Capacitaci\u00f3n. RESOLUCI\u00d3N RECTORAL N\u00b029\/2026 &#x1f4e3;El IFDC Villa Mercedes&nbsp;convoca a aspirantes para cubrir el cargo de Secretario\/a de Extensi\u00f3n y Capacitaci\u00f3n, con dedicaci\u00f3n full time, con una carga horaria de 40 horas reloj semanales. &#x270d;&#x1f3fb;Requisito de formaci\u00f3n acad\u00e9mica para los aspirantes la acreditaci\u00f3n de alguno de los siguientes t\u00edtulos &#8230; <a title=\"2\u00b0 llamado a concurso NO DOCENTE 2026\" class=\"read-more\" href=\"https:\/\/ifdcvm-slu.infd.edu.ar\/sitio\/2-llamado-a-concurso-no-docente-2026\/\" aria-label=\"More on 2\u00b0 llamado a concurso NO DOCENTE 2026\">[+]<\/a><\/p>\n","protected":false},"author":1518,"featured_media":17965,"comment_status":"open","ping_status":"open","sticky":false,"template":"","format":"standard","meta":[],"categories":[1],"tags":[],"acf":[],"_links":{"self":[{"href":"https:\/\/ifdcvm-slu.infd.edu.ar\/sitio\/wp-json\/wp\/v2\/posts\/17960"}],"collection":[{"href":"https:\/\/ifdcvm-slu.infd.edu.ar\/sitio\/wp-json\/wp\/v2\/posts"}],"about":[{"href":"https:\/\/ifdcvm-slu.infd.edu.ar\/sitio\/wp-json\/wp\/v2\/types\/post"}],"author":[{"embeddable":true,"href":"https:\/\/ifdcvm-slu.infd.edu.ar\/sitio\/wp-json\/wp\/v2\/users\/1518"}],"replies":[{"embeddable":true,"href":"https:\/\/ifdcvm-slu.infd.edu.ar\/sitio\/wp-json\/wp\/v2\/comments?post=17960"}],"version-history":[{"count":3,"href":"https:\/\/ifdcvm-slu.infd.edu.ar\/sitio\/wp-json\/wp\/v2\/posts\/17960\/revisions"}],"predecessor-version":[{"id":17967,"href":"https:\/\/ifdcvm-slu.infd.edu.ar\/sitio\/wp-json\/wp\/v2\/posts\/17960\/revisions\/17967"}],"wp:featuredmedia":[{"embeddable":true,"href":"https:\/\/ifdcvm-slu.infd.edu.ar\/sitio\/wp-json\/wp\/v2\/media\/17965"}],"wp:attachment":[{"href":"https:\/\/ifdcvm-slu.infd.edu.ar\/sitio\/wp-json\/wp\/v2\/media?parent=17960"}],"wp:term":[{"taxonomy":"category","embeddable":true,"href":"https:\/\/ifdcvm-slu.infd.edu.ar\/sitio\/wp-json\/wp\/v2\/categories?post=17960"},{"taxonomy":"post_tag","embeddable":true,"href":"https:\/\/ifdcvm-slu.infd.edu.ar\/sitio\/wp-json\/wp\/v2\/tags?post=17960"}],"curies":[{"name":"wp","href":"https:\/\/api.w.org\/{rel}","templated":true}]}}