{"id":17968,"date":"2026-04-24T13:34:11","date_gmt":"2026-04-24T16:34:11","guid":{"rendered":"https:\/\/ifdcvm-slu.infd.edu.ar\/sitio\/?p=17968"},"modified":"2026-04-24T13:34:12","modified_gmt":"2026-04-24T16:34:12","slug":"%f0%9f%92%83-convocatoria-y-audicion-de-bailarines-%f0%9f%95%ba-elenco-de-danzas-folkloricas-ifdcvm-%f0%9f%87%a6%f0%9f%87%b7","status":"publish","type":"post","link":"https:\/\/ifdcvm-slu.infd.edu.ar\/sitio\/%f0%9f%92%83-convocatoria-y-audicion-de-bailarines-%f0%9f%95%ba-elenco-de-danzas-folkloricas-ifdcvm-%f0%9f%87%a6%f0%9f%87%b7\/","title":{"rendered":"&#x1f483; CONVOCATORIA Y AUDICI\u00d3N DE BAILARINES &#x1f57a; Elenco de Danzas Folkl\u00f3ricas IFDCVM &#x1f1e6;&#x1f1f7;"},"content":{"rendered":"\n<p>\u00bfTe apasiona el folklore? \u00a1Esta es tu oportunidad! El <strong>Elenco de Danzas<\/strong> abre sus puertas para nuevos integrantes que deseen sumarse al aprendizaje, trabajo coreogr\u00e1fico y representaci\u00f3n institucional de nuestras danzas. &#x1f3eb;&#x2728;<\/p>\n\n\n\n<p><strong>&#x1f396;&#xfe0f; Sobre la participaci\u00f3n:<\/strong> Si bien no otorga puntaje docente, se emiten <strong>Resoluciones de Direcci\u00f3n de Extensi\u00f3n<\/strong> por los ciclos anuales de participaci\u00f3n y por cada presentaci\u00f3n realizada en eventos. Una excelente forma de acreditar tu trayectoria art\u00edstica. &#x1f4dc;&#x2705;<\/p>\n\n\n\n<p><strong>&#x1f5d3;&#xfe0f; Fecha de Audiciones:<\/strong><\/p>\n\n\n\n<ul>\n<li><strong>D\u00edas:<\/strong> Mi\u00e9rcoles 29\/04 y 06\/05.<\/li>\n\n\n\n<li><strong>Hora:<\/strong> 18:00 hs.<\/li>\n\n\n\n<li><strong>Lugar:<\/strong> Teatro del IFDCVM.<\/li>\n\n\n\n<li><em>Nota: Se requiere confirmaci\u00f3n previa por email.<\/em> &#x1f4e7;<\/li>\n<\/ul>\n\n\n\n<p><strong>&#x1f4dd; Requisitos:<\/strong><\/p>\n\n\n\n<ul>\n<li>&#x2705; Ser mayor de 18 a\u00f1os.<\/li>\n\n\n\n<li>&#x2705; Saber bailar o tener conocimiento de <strong>zamba<\/strong>. &#x1fa70;<\/li>\n\n\n\n<li>&#x2705; Disponibilidad para ensayos: Mi\u00e9rcoles de 18:30 a 20:30 hs en el Teatro. &#x1f552;<\/li>\n<\/ul>\n\n\n\n<p>\u00a1Sumate a nuestro cuerpo de baile y represent\u00e1 a la instituci\u00f3n a puro folklore! &#x1f3bb;&#x1f33f;<\/p>\n\n\n\n<p>Consultas:&nbsp;<a href=\"mailto:elenco.danzas@ifdcvm.edu.ar\" target=\"_blank\" rel=\"noreferrer noopener\">elenco.danzas@ifdcvm.edu.ar<\/a><\/p>\n\n\n\n<p>Organiza: Trayecto Ensambles Musicales &#8211; Profesorado de M\u00fasica (Prof. Cavallero, G\u00f3mez y Corsiglia)<\/p>\n\n\n\n<p class=\"has-luminous-vivid-amber-to-luminous-vivid-orange-gradient-background has-background\"><a href=\"https:\/\/forms.gle\/xjx1JXwhWbaPmc1V6\" data-type=\"URL\" data-id=\"https:\/\/forms.gle\/xjx1JXwhWbaPmc1V6\" target=\"_blank\" rel=\"noreferrer noopener\">LINK DE INSCRIPCI\u00d3N<\/a><\/p>\n","protected":false},"excerpt":{"rendered":"<p>\u00bfTe apasiona el folklore? \u00a1Esta es tu oportunidad! El Elenco de Danzas abre sus puertas para nuevos integrantes que deseen sumarse al aprendizaje, trabajo coreogr\u00e1fico y representaci\u00f3n institucional de nuestras danzas. &#x1f3eb;&#x2728; &#x1f396;&#xfe0f; Sobre la participaci\u00f3n: Si bien no otorga puntaje docente, se emiten Resoluciones de Direcci\u00f3n de Extensi\u00f3n por los ciclos anuales de participaci\u00f3n &#8230; <a title=\"&#x1f483; CONVOCATORIA Y AUDICI\u00d3N DE BAILARINES &#x1f57a; Elenco de Danzas Folkl\u00f3ricas IFDCVM &#x1f1e6;&#x1f1f7;\" class=\"read-more\" href=\"https:\/\/ifdcvm-slu.infd.edu.ar\/sitio\/%f0%9f%92%83-convocatoria-y-audicion-de-bailarines-%f0%9f%95%ba-elenco-de-danzas-folkloricas-ifdcvm-%f0%9f%87%a6%f0%9f%87%b7\/\" aria-label=\"More on &#x1f483; CONVOCATORIA Y AUDICI\u00d3N DE BAILARINES &#x1f57a; Elenco de Danzas Folkl\u00f3ricas IFDCVM &#x1f1e6;&#x1f1f7;\">[+]<\/a><\/p>\n","protected":false},"author":1518,"featured_media":17969,"comment_status":"open","ping_status":"open","sticky":false,"template":"","format":"standard","meta":[],"categories":[1],"tags":[],"acf":[],"_links":{"self":[{"href":"https:\/\/ifdcvm-slu.infd.edu.ar\/sitio\/wp-json\/wp\/v2\/posts\/17968"}],"collection":[{"href":"https:\/\/ifdcvm-slu.infd.edu.ar\/sitio\/wp-json\/wp\/v2\/posts"}],"about":[{"href":"https:\/\/ifdcvm-slu.infd.edu.ar\/sitio\/wp-json\/wp\/v2\/types\/post"}],"author":[{"embeddable":true,"href":"https:\/\/ifdcvm-slu.infd.edu.ar\/sitio\/wp-json\/wp\/v2\/users\/1518"}],"replies":[{"embeddable":true,"href":"https:\/\/ifdcvm-slu.infd.edu.ar\/sitio\/wp-json\/wp\/v2\/comments?post=17968"}],"version-history":[{"count":1,"href":"https:\/\/ifdcvm-slu.infd.edu.ar\/sitio\/wp-json\/wp\/v2\/posts\/17968\/revisions"}],"predecessor-version":[{"id":17970,"href":"https:\/\/ifdcvm-slu.infd.edu.ar\/sitio\/wp-json\/wp\/v2\/posts\/17968\/revisions\/17970"}],"wp:featuredmedia":[{"embeddable":true,"href":"https:\/\/ifdcvm-slu.infd.edu.ar\/sitio\/wp-json\/wp\/v2\/media\/17969"}],"wp:attachment":[{"href":"https:\/\/ifdcvm-slu.infd.edu.ar\/sitio\/wp-json\/wp\/v2\/media?parent=17968"}],"wp:term":[{"taxonomy":"category","embeddable":true,"href":"https:\/\/ifdcvm-slu.infd.edu.ar\/sitio\/wp-json\/wp\/v2\/categories?post=17968"},{"taxonomy":"post_tag","embeddable":true,"href":"https:\/\/ifdcvm-slu.infd.edu.ar\/sitio\/wp-json\/wp\/v2\/tags?post=17968"}],"curies":[{"name":"wp","href":"https:\/\/api.w.org\/{rel}","templated":true}]}}