{"id":17971,"date":"2026-04-27T13:16:55","date_gmt":"2026-04-27T16:16:55","guid":{"rendered":"https:\/\/ifdcvm-slu.infd.edu.ar\/sitio\/?p=17971"},"modified":"2026-04-28T09:33:03","modified_gmt":"2026-04-28T12:33:03","slug":"talleres-jornadas-nacionales-la-convivencia-en-la-escuela-en-contexto-actuales","status":"publish","type":"post","link":"https:\/\/ifdcvm-slu.infd.edu.ar\/sitio\/talleres-jornadas-nacionales-la-convivencia-en-la-escuela-en-contexto-actuales\/","title":{"rendered":"TALLERES: \u201cJornadas Nacionales: La convivencia en la escuela en contexto actuales\u00bb"},"content":{"rendered":"\n<figure class=\"wp-block-image size-large\"><img decoding=\"async\" loading=\"lazy\" width=\"1520\" height=\"1900\" src=\"https:\/\/ifdcvm-slu.infd.edu.ar\/sitio\/wp-content\/uploads\/2026\/04\/convoc-33-1520x1900.jpg\" alt=\"\" class=\"wp-image-17990\" srcset=\"https:\/\/ifdcvm-slu.infd.edu.ar\/sitio\/wp-content\/uploads\/2026\/04\/convoc-33-1520x1900.jpg 1520w, https:\/\/ifdcvm-slu.infd.edu.ar\/sitio\/wp-content\/uploads\/2026\/04\/convoc-33-800x1000.jpg 800w, https:\/\/ifdcvm-slu.infd.edu.ar\/sitio\/wp-content\/uploads\/2026\/04\/convoc-33-768x960.jpg 768w, https:\/\/ifdcvm-slu.infd.edu.ar\/sitio\/wp-content\/uploads\/2026\/04\/convoc-33-1229x1536.jpg 1229w, https:\/\/ifdcvm-slu.infd.edu.ar\/sitio\/wp-content\/uploads\/2026\/04\/convoc-33-1639x2048.jpg 1639w, https:\/\/ifdcvm-slu.infd.edu.ar\/sitio\/wp-content\/uploads\/2026\/04\/convoc-33-scaled.jpg 2048w\" sizes=\"(max-width: 1520px) 100vw, 1520px\" \/><\/figure>\n\n\n\n<p>Desde el Instituto de Formaci\u00f3n Docente Continua (IFDC VM), tenemos el agrado de invitarlos a participar en la presentaci\u00f3n de propuestas de talleres presenciales, en el marco de las \u201cJornadas Nacionales: La convivencia en la escuela en contextos actuales\u201d, que se llevar\u00e1 a cabo los d\u00edas 25 y 26 de junio del corriente a\u00f1o.<\/p>\n\n\n\n<p>Los talleres, destinados a docentes del SEP y a estudiantes avanzados de profesorados de los IFD provinciales, se desarrollar\u00e1n los d\u00edas jueves 25 y viernes 26 de junio de 19:30 a 21:30 hs. Se desarrollar\u00e1n de manera simult\u00e1nea, y cada uno estar\u00e1 a cargo de un\/a docente o de un equipo docente. Tendr\u00e1n una duraci\u00f3n estimada de dos horas.<\/p>\n\n\n\n<p>Compartimos con ustedes los ejes organizadores de los talleres:<\/p>\n\n\n\n<p>Ejes tem\u00e1tico 1: Abordaje de conductas de riesgo en el escenario escolar.<\/p>\n\n\n\n<p>Ejes tem\u00e1tico 2: Estrategias institucionales frente a los consumos problem\u00e1ticos.<\/p>\n\n\n\n<p>Ejes tem\u00e1tico 3: Bienestar escolar: c\u00f3mo fomentar entornos y v\u00ednculos seguros en la escuela<\/p>\n\n\n\n<p>Ejes tem\u00e1tico 4: Mediaci\u00f3n escolar y resoluci\u00f3n pac\u00edfica de conflictos.<\/p>\n\n\n\n<p>Las personas interesadas en participar deber\u00e1n completar y enviar el siguiente formulario:<\/p>\n\n\n\n<p><strong>Datos del formulario:<\/strong><\/p>\n\n\n\n<p>Nombre completo, DNI, mail y tel\u00e9fono del\/de los tallerista(s) responsable(s).<\/p>\n\n\n\n<p>Nombre del taller.<\/p>\n\n\n\n<p>Eje en el que se enmarca el taller.<\/p>\n\n\n\n<p>Destinatarios.<\/p>\n\n\n\n<p>Breve descripci\u00f3n de la propuesta y objetivos.<\/p>\n\n\n\n<p>Recursos tecnol\u00f3gicos (televisi\u00f3n, proyector, parlante, etc.) o materiales que necesita el\/los talleristas.<\/p>\n\n\n\n<p>&#x2139;&#xfe0f; Las propuestas se recibir\u00e1n hasta el d\u00eda lunes 18 de mayo y ser\u00e1n seleccionadas por la comisi\u00f3n organizadora de la jornada. Las aceptaciones de cada taller se comunicar\u00e1n en el transcurso del mes de junio.<\/p>\n\n\n\n<p class=\"has-very-light-gray-to-cyan-bluish-gray-gradient-background has-background\">&#x2611;&#xfe0f;Las personas interesadas deber\u00e1n completar el <a rel=\"noreferrer noopener\" href=\"https:\/\/forms.gle\/tsmabqprwmNofTEE7\" data-type=\"URL\" data-id=\"https:\/\/forms.gle\/tsmabqprwmNofTEE7\" target=\"_blank\">formulario<\/a>.<\/p>\n\n\n\n<p>&#x2709;&#xfe0f;Para consultas deber\u00e1n comunicarse al siguiente correo: areamediacion@ifdcvm.edu.ar<\/p>\n\n\n\n<pre class=\"wp-block-code has-blush-light-purple-gradient-background has-background\"><code><strong>\u00a1Los invitamos a sumarse a esta iniciativa!<\/strong><\/code><\/pre>\n","protected":false},"excerpt":{"rendered":"<p>Desde el Instituto de Formaci\u00f3n Docente Continua (IFDC VM), tenemos el agrado de invitarlos a participar en la presentaci\u00f3n de propuestas de talleres presenciales, en el marco de las \u201cJornadas Nacionales: La convivencia en la escuela en contextos actuales\u201d, que se llevar\u00e1 a cabo los d\u00edas 25 y 26 de junio del corriente a\u00f1o. Los &#8230; <a title=\"TALLERES: \u201cJornadas Nacionales: La convivencia en la escuela en contexto actuales\u00bb\" class=\"read-more\" href=\"https:\/\/ifdcvm-slu.infd.edu.ar\/sitio\/talleres-jornadas-nacionales-la-convivencia-en-la-escuela-en-contexto-actuales\/\" aria-label=\"More on TALLERES: \u201cJornadas Nacionales: La convivencia en la escuela en contexto actuales\u00bb\">[+]<\/a><\/p>\n","protected":false},"author":1518,"featured_media":17973,"comment_status":"open","ping_status":"open","sticky":false,"template":"","format":"standard","meta":[],"categories":[1],"tags":[],"acf":[],"_links":{"self":[{"href":"https:\/\/ifdcvm-slu.infd.edu.ar\/sitio\/wp-json\/wp\/v2\/posts\/17971"}],"collection":[{"href":"https:\/\/ifdcvm-slu.infd.edu.ar\/sitio\/wp-json\/wp\/v2\/posts"}],"about":[{"href":"https:\/\/ifdcvm-slu.infd.edu.ar\/sitio\/wp-json\/wp\/v2\/types\/post"}],"author":[{"embeddable":true,"href":"https:\/\/ifdcvm-slu.infd.edu.ar\/sitio\/wp-json\/wp\/v2\/users\/1518"}],"replies":[{"embeddable":true,"href":"https:\/\/ifdcvm-slu.infd.edu.ar\/sitio\/wp-json\/wp\/v2\/comments?post=17971"}],"version-history":[{"count":2,"href":"https:\/\/ifdcvm-slu.infd.edu.ar\/sitio\/wp-json\/wp\/v2\/posts\/17971\/revisions"}],"predecessor-version":[{"id":17991,"href":"https:\/\/ifdcvm-slu.infd.edu.ar\/sitio\/wp-json\/wp\/v2\/posts\/17971\/revisions\/17991"}],"wp:featuredmedia":[{"embeddable":true,"href":"https:\/\/ifdcvm-slu.infd.edu.ar\/sitio\/wp-json\/wp\/v2\/media\/17973"}],"wp:attachment":[{"href":"https:\/\/ifdcvm-slu.infd.edu.ar\/sitio\/wp-json\/wp\/v2\/media?parent=17971"}],"wp:term":[{"taxonomy":"category","embeddable":true,"href":"https:\/\/ifdcvm-slu.infd.edu.ar\/sitio\/wp-json\/wp\/v2\/categories?post=17971"},{"taxonomy":"post_tag","embeddable":true,"href":"https:\/\/ifdcvm-slu.infd.edu.ar\/sitio\/wp-json\/wp\/v2\/tags?post=17971"}],"curies":[{"name":"wp","href":"https:\/\/api.w.org\/{rel}","templated":true}]}}