{"id":17976,"date":"2026-04-27T20:28:59","date_gmt":"2026-04-27T23:28:59","guid":{"rendered":"https:\/\/ifdcvm-slu.infd.edu.ar\/sitio\/?p=17976"},"modified":"2026-04-27T20:29:00","modified_gmt":"2026-04-27T23:29:00","slug":"%f0%9f%93%90educacion-digital-en-accion-matematica-potenciada-con-ia-y-realidad-aumentada-%f0%9f%a4%96%e2%9c%a8","status":"publish","type":"post","link":"https:\/\/ifdcvm-slu.infd.edu.ar\/sitio\/%f0%9f%93%90educacion-digital-en-accion-matematica-potenciada-con-ia-y-realidad-aumentada-%f0%9f%a4%96%e2%9c%a8\/","title":{"rendered":"&#x1f4d0;EDUCACI\u00d3N DIGITAL EN ACCI\u00d3N: Matem\u00e1tica potenciada con IA y Realidad Aumentada &#x1f916;&#x2728;"},"content":{"rendered":"\n<p><strong> <\/strong><a rel=\"noreferrer noopener\" href=\"https:\/\/drive.google.com\/file\/d\/1zG3SFldLx3_6-t7pATWIbRCZdUaazB-r\/view\" data-type=\"URL\" data-id=\"https:\/\/drive.google.com\/file\/d\/1zG3SFldLx3_6-t7pATWIbRCZdUaazB-r\/view\" target=\"_blank\">Resoluci\u00f3n N\u00b0145-SDCDYFP-2026<\/a><\/p>\n\n\n\n<figure class=\"wp-block-image size-large\"><img decoding=\"async\" loading=\"lazy\" width=\"1520\" height=\"1900\" src=\"https:\/\/ifdcvm-slu.infd.edu.ar\/sitio\/wp-content\/uploads\/2026\/04\/mate-29-1520x1900.jpg\" alt=\"\" class=\"wp-image-17977\" srcset=\"https:\/\/ifdcvm-slu.infd.edu.ar\/sitio\/wp-content\/uploads\/2026\/04\/mate-29-1520x1900.jpg 1520w, https:\/\/ifdcvm-slu.infd.edu.ar\/sitio\/wp-content\/uploads\/2026\/04\/mate-29-800x1000.jpg 800w, https:\/\/ifdcvm-slu.infd.edu.ar\/sitio\/wp-content\/uploads\/2026\/04\/mate-29-768x960.jpg 768w, https:\/\/ifdcvm-slu.infd.edu.ar\/sitio\/wp-content\/uploads\/2026\/04\/mate-29-1229x1536.jpg 1229w, https:\/\/ifdcvm-slu.infd.edu.ar\/sitio\/wp-content\/uploads\/2026\/04\/mate-29-1639x2048.jpg 1639w, https:\/\/ifdcvm-slu.infd.edu.ar\/sitio\/wp-content\/uploads\/2026\/04\/mate-29-scaled.jpg 2048w\" sizes=\"(max-width: 1520px) 100vw, 1520px\" \/><\/figure>\n\n\n\n<p>\u00bfQuer\u00e9s transformar la ense\u00f1anza de la geometr\u00eda en tu aula? Esta capacitaci\u00f3n propone revitalizar las pr\u00e1cticas tradicionales utilizando herramientas de <strong>Inteligencia Artificial<\/strong> y <strong>Realidad Aumentada<\/strong>, buscando aprendizajes m\u00e1s significativos y motivadores para tus estudiantes. &#x1f4f1;&#x1f4a1;<\/p>\n\n\n\n<p><strong>Detalles de la cursada:<\/strong><\/p>\n\n\n\n<p>&#x1f5d3;&#xfe0f; <strong>Fecha de inicio:<\/strong> 6 de mayo.<\/p>\n\n\n\n<p>&#x1f3eb; <strong>Lugar:<\/strong> Aula 25.<\/p>\n\n\n\n<p>&#x1f4bb; <strong>Modalidad:<\/strong> Semipresencial (7 encuentros).<\/p>\n\n\n\n<p>&#x1f465; <strong>Cupo:<\/strong> 50 personas.<\/p>\n\n\n\n<p><strong>&#x1f3af; Destinatarios:<\/strong> Docentes del Nivel Primario del Sistema Educativo Provincial.<\/p>\n\n\n\n<p><strong>&#x1f465; Equipo responsable:<\/strong> Luciana Sapino, El\u00edas Mingorance, Gabriela Cajal y Carolina Medaglia Rodr\u00edguez.<\/p>\n\n\n\n<p><strong>&#x1f4a1; S\u00edntesis de la propuesta:<\/strong> Bas\u00e1ndonos en el modelo <strong>TPACK<\/strong>, integraremos saberes pedag\u00f3gicos, disciplinares y tecnol\u00f3gicos. El objetivo es cerrar la brecha con las pr\u00e1cticas tradicionales, devolvi\u00e9ndole el sentido a la geometr\u00eda mediante el uso de tecnolog\u00edas emergentes que potencien la curiosidad del alumnado. &#x1f9ed;&#x1f9ca;<\/p>\n\n\n\n<p class=\"has-luminous-vivid-amber-to-luminous-vivid-orange-gradient-background has-background\"><strong>&#x1f517; <\/strong><a rel=\"noreferrer noopener\" href=\"https:\/\/docs.google.com\/forms\/d\/e\/1FAIpQLSe7U9D3oyLvlQbn-NAdN8E7roG3WFJibPL3-7ZkJKq1j55pHA\/viewform\" data-type=\"URL\" data-id=\"https:\/\/docs.google.com\/forms\/d\/e\/1FAIpQLSe7U9D3oyLvlQbn-NAdN8E7roG3WFJibPL3-7ZkJKq1j55pHA\/viewform\" target=\"_blank\">LINK DE INSCRIPCI\u00d3N<\/a> &#x1f5b1;&#xfe0f;&#x2705;<\/p>\n","protected":false},"excerpt":{"rendered":"<p>Resoluci\u00f3n N\u00b0145-SDCDYFP-2026 \u00bfQuer\u00e9s transformar la ense\u00f1anza de la geometr\u00eda en tu aula? Esta capacitaci\u00f3n propone revitalizar las pr\u00e1cticas tradicionales utilizando herramientas de Inteligencia Artificial y Realidad Aumentada, buscando aprendizajes m\u00e1s significativos y motivadores para tus estudiantes. &#x1f4f1;&#x1f4a1; Detalles de la cursada: &#x1f5d3;&#xfe0f; Fecha de inicio: 6 de mayo. &#x1f3eb; Lugar: Aula 25. &#x1f4bb; Modalidad: Semipresencial &#8230; <a title=\"&#x1f4d0;EDUCACI\u00d3N DIGITAL EN ACCI\u00d3N: Matem\u00e1tica potenciada con IA y Realidad Aumentada &#x1f916;&#x2728;\" class=\"read-more\" href=\"https:\/\/ifdcvm-slu.infd.edu.ar\/sitio\/%f0%9f%93%90educacion-digital-en-accion-matematica-potenciada-con-ia-y-realidad-aumentada-%f0%9f%a4%96%e2%9c%a8\/\" aria-label=\"More on &#x1f4d0;EDUCACI\u00d3N DIGITAL EN ACCI\u00d3N: Matem\u00e1tica potenciada con IA y Realidad Aumentada &#x1f916;&#x2728;\">[+]<\/a><\/p>\n","protected":false},"author":1518,"featured_media":17979,"comment_status":"open","ping_status":"open","sticky":false,"template":"","format":"standard","meta":[],"categories":[1],"tags":[],"acf":[],"_links":{"self":[{"href":"https:\/\/ifdcvm-slu.infd.edu.ar\/sitio\/wp-json\/wp\/v2\/posts\/17976"}],"collection":[{"href":"https:\/\/ifdcvm-slu.infd.edu.ar\/sitio\/wp-json\/wp\/v2\/posts"}],"about":[{"href":"https:\/\/ifdcvm-slu.infd.edu.ar\/sitio\/wp-json\/wp\/v2\/types\/post"}],"author":[{"embeddable":true,"href":"https:\/\/ifdcvm-slu.infd.edu.ar\/sitio\/wp-json\/wp\/v2\/users\/1518"}],"replies":[{"embeddable":true,"href":"https:\/\/ifdcvm-slu.infd.edu.ar\/sitio\/wp-json\/wp\/v2\/comments?post=17976"}],"version-history":[{"count":2,"href":"https:\/\/ifdcvm-slu.infd.edu.ar\/sitio\/wp-json\/wp\/v2\/posts\/17976\/revisions"}],"predecessor-version":[{"id":17983,"href":"https:\/\/ifdcvm-slu.infd.edu.ar\/sitio\/wp-json\/wp\/v2\/posts\/17976\/revisions\/17983"}],"wp:featuredmedia":[{"embeddable":true,"href":"https:\/\/ifdcvm-slu.infd.edu.ar\/sitio\/wp-json\/wp\/v2\/media\/17979"}],"wp:attachment":[{"href":"https:\/\/ifdcvm-slu.infd.edu.ar\/sitio\/wp-json\/wp\/v2\/media?parent=17976"}],"wp:term":[{"taxonomy":"category","embeddable":true,"href":"https:\/\/ifdcvm-slu.infd.edu.ar\/sitio\/wp-json\/wp\/v2\/categories?post=17976"},{"taxonomy":"post_tag","embeddable":true,"href":"https:\/\/ifdcvm-slu.infd.edu.ar\/sitio\/wp-json\/wp\/v2\/tags?post=17976"}],"curies":[{"name":"wp","href":"https:\/\/api.w.org\/{rel}","templated":true}]}}