{"id":17994,"date":"2026-04-28T17:29:19","date_gmt":"2026-04-28T20:29:19","guid":{"rendered":"https:\/\/ifdcvm-slu.infd.edu.ar\/sitio\/?p=17994"},"modified":"2026-04-28T17:32:36","modified_gmt":"2026-04-28T20:32:36","slug":"%f0%9f%97%a3%ef%b8%8f-capacitacion-tecnicas-y-recursos-significativos-para-la-salud-vocal-del-docente-%f0%9f%a9%ba%e2%9c%a8","status":"publish","type":"post","link":"https:\/\/ifdcvm-slu.infd.edu.ar\/sitio\/%f0%9f%97%a3%ef%b8%8f-capacitacion-tecnicas-y-recursos-significativos-para-la-salud-vocal-del-docente-%f0%9f%a9%ba%e2%9c%a8\/","title":{"rendered":"&#x1f5e3;&#xfe0f; CAPACITACI\u00d3N: T\u00e9cnicas y recursos significativos para la salud vocal del Docente &#x1fa7a;&#x2728;"},"content":{"rendered":"\n<p><a href=\"https:\/\/drive.google.com\/file\/d\/12fmcDiX9QP_E-hNnsqaUqR2yVhU4N9Jl\/view?usp=sharing\" data-type=\"URL\" data-id=\"https:\/\/drive.google.com\/file\/d\/12fmcDiX9QP_E-hNnsqaUqR2yVhU4N9Jl\/view?usp=sharing\" target=\"_blank\" rel=\"noreferrer noopener\">Resoluci\u00f3n N\u00ba 040-SDCDYFP-2026<\/a><\/p>\n\n\n\n<figure class=\"wp-block-image size-large\"><img decoding=\"async\" loading=\"lazy\" width=\"1520\" height=\"1900\" src=\"https:\/\/ifdcvm-slu.infd.edu.ar\/sitio\/wp-content\/uploads\/2026\/04\/REDES-VOCAL-1520x1900.jpg\" alt=\"\" class=\"wp-image-17995\" srcset=\"https:\/\/ifdcvm-slu.infd.edu.ar\/sitio\/wp-content\/uploads\/2026\/04\/REDES-VOCAL-1520x1900.jpg 1520w, https:\/\/ifdcvm-slu.infd.edu.ar\/sitio\/wp-content\/uploads\/2026\/04\/REDES-VOCAL-800x1000.jpg 800w, https:\/\/ifdcvm-slu.infd.edu.ar\/sitio\/wp-content\/uploads\/2026\/04\/REDES-VOCAL-768x960.jpg 768w, https:\/\/ifdcvm-slu.infd.edu.ar\/sitio\/wp-content\/uploads\/2026\/04\/REDES-VOCAL-1229x1536.jpg 1229w, https:\/\/ifdcvm-slu.infd.edu.ar\/sitio\/wp-content\/uploads\/2026\/04\/REDES-VOCAL-1639x2048.jpg 1639w, https:\/\/ifdcvm-slu.infd.edu.ar\/sitio\/wp-content\/uploads\/2026\/04\/REDES-VOCAL-scaled.jpg 2048w\" sizes=\"(max-width: 1520px) 100vw, 1520px\" \/><\/figure>\n\n\n\n<p>\u00a1Tu voz es tu herramienta de trabajo! &#x1f3a4; Como docentes, el uso prolongado de la voz puede generar fatiga y lesiones si no contamos con las t\u00e9cnicas adecuadas. Esta propuesta te brindar\u00e1 recursos para una comunicaci\u00f3n eficiente, clara y saludable. &#x1f3eb;&#x1f4a1;<\/p>\n\n\n\n<p><strong>&#x1f5d3;&#xfe0f; Detalles de la cursada (Modalidad Virtual &#8211; Sincr\u00f3nico):<\/strong><\/p>\n\n\n\n<ul>\n<li><strong>Inicio:<\/strong> Martes 5 de Mayo.<\/li>\n\n\n\n<li><strong>Horario:<\/strong> Martes a las 18:00 hs.<\/li>\n\n\n\n<li><strong>Duraci\u00f3n:<\/strong> 8 encuentros sincr\u00f3nicos. &#x1f4bb;&#x1f552;<\/li>\n<\/ul>\n\n\n\n<p><strong>&#x1f3af; Destinado a:<\/strong> Docentes de todos los niveles educativos de la Provincia de San Luis que se encuentren en ejercicio. &#x1f1e6;&#x1f1f7;<\/p>\n\n\n\n<p><strong>&#x1f465; Equipo responsable:<\/strong> Juan Ignacio Noro\u00f1a y Alicia Alejandra Pastor.<\/p>\n\n\n\n<p><strong>&#x1f50d; \u00bfQu\u00e9 vas a aprender?<\/strong><\/p>\n\n\n\n<ul>\n<li>&#x2705; <strong>Anatom\u00eda y proyecci\u00f3n:<\/strong> Manejo eficiente de la voz incluso en entornos ruidosos.<\/li>\n\n\n\n<li>&#x2705; <strong>Higiene vocal:<\/strong> Hidrataci\u00f3n, respiraci\u00f3n adecuada y cuidados diarios. &#x1f4a7;&#x1f9d8;<\/li>\n\n\n\n<li>&#x2705; <strong>Prevenci\u00f3n:<\/strong> Identificaci\u00f3n temprana de problemas vocales para evitar lesiones.<\/li>\n\n\n\n<li>&#x2705; <strong>Pr\u00e1ctica:<\/strong> Ejercicios de vocalizaci\u00f3n, relajaci\u00f3n y adaptaci\u00f3n a entornos virtuales. &#x1f3a7;<\/li>\n<\/ul>\n\n\n\n<p><\/p>\n\n\n\n<p class=\"has-luminous-vivid-amber-to-luminous-vivid-orange-gradient-background has-background\"><strong>&#x1f517; <\/strong><a rel=\"noreferrer noopener\" href=\"https:\/\/forms.gle\/kKTVUf1nnfTFVtsw7\" data-type=\"URL\" data-id=\"https:\/\/forms.gle\/kKTVUf1nnfTFVtsw7\" target=\"_blank\">LINK DE INSCRIPCI\u00d3N<\/a> &#x1f5b1;&#xfe0f;&#x2705;<\/p>\n\n\n\n<p>Una voz bien cuidada no solo mejora la comunicaci\u00f3n, sino que transforma positivamente el proceso de ense\u00f1anza. \u00a1Cuid\u00e1 tu salud! &#x2764;&#xfe0f;&#x1f64c;<\/p>\n","protected":false},"excerpt":{"rendered":"<p>Resoluci\u00f3n N\u00ba 040-SDCDYFP-2026 \u00a1Tu voz es tu herramienta de trabajo! &#x1f3a4; Como docentes, el uso prolongado de la voz puede generar fatiga y lesiones si no contamos con las t\u00e9cnicas adecuadas. Esta propuesta te brindar\u00e1 recursos para una comunicaci\u00f3n eficiente, clara y saludable. &#x1f3eb;&#x1f4a1; &#x1f5d3;&#xfe0f; Detalles de la cursada (Modalidad Virtual &#8211; Sincr\u00f3nico): &#x1f3af; Destinado &#8230; <a title=\"&#x1f5e3;&#xfe0f; CAPACITACI\u00d3N: T\u00e9cnicas y recursos significativos para la salud vocal del Docente &#x1fa7a;&#x2728;\" class=\"read-more\" href=\"https:\/\/ifdcvm-slu.infd.edu.ar\/sitio\/%f0%9f%97%a3%ef%b8%8f-capacitacion-tecnicas-y-recursos-significativos-para-la-salud-vocal-del-docente-%f0%9f%a9%ba%e2%9c%a8\/\" aria-label=\"More on &#x1f5e3;&#xfe0f; CAPACITACI\u00d3N: T\u00e9cnicas y recursos significativos para la salud vocal del Docente &#x1fa7a;&#x2728;\">[+]<\/a><\/p>\n","protected":false},"author":1518,"featured_media":17996,"comment_status":"open","ping_status":"open","sticky":false,"template":"","format":"standard","meta":[],"categories":[1],"tags":[],"acf":[],"_links":{"self":[{"href":"https:\/\/ifdcvm-slu.infd.edu.ar\/sitio\/wp-json\/wp\/v2\/posts\/17994"}],"collection":[{"href":"https:\/\/ifdcvm-slu.infd.edu.ar\/sitio\/wp-json\/wp\/v2\/posts"}],"about":[{"href":"https:\/\/ifdcvm-slu.infd.edu.ar\/sitio\/wp-json\/wp\/v2\/types\/post"}],"author":[{"embeddable":true,"href":"https:\/\/ifdcvm-slu.infd.edu.ar\/sitio\/wp-json\/wp\/v2\/users\/1518"}],"replies":[{"embeddable":true,"href":"https:\/\/ifdcvm-slu.infd.edu.ar\/sitio\/wp-json\/wp\/v2\/comments?post=17994"}],"version-history":[{"count":2,"href":"https:\/\/ifdcvm-slu.infd.edu.ar\/sitio\/wp-json\/wp\/v2\/posts\/17994\/revisions"}],"predecessor-version":[{"id":18000,"href":"https:\/\/ifdcvm-slu.infd.edu.ar\/sitio\/wp-json\/wp\/v2\/posts\/17994\/revisions\/18000"}],"wp:featuredmedia":[{"embeddable":true,"href":"https:\/\/ifdcvm-slu.infd.edu.ar\/sitio\/wp-json\/wp\/v2\/media\/17996"}],"wp:attachment":[{"href":"https:\/\/ifdcvm-slu.infd.edu.ar\/sitio\/wp-json\/wp\/v2\/media?parent=17994"}],"wp:term":[{"taxonomy":"category","embeddable":true,"href":"https:\/\/ifdcvm-slu.infd.edu.ar\/sitio\/wp-json\/wp\/v2\/categories?post=17994"},{"taxonomy":"post_tag","embeddable":true,"href":"https:\/\/ifdcvm-slu.infd.edu.ar\/sitio\/wp-json\/wp\/v2\/tags?post=17994"}],"curies":[{"name":"wp","href":"https:\/\/api.w.org\/{rel}","templated":true}]}}