{"id":18001,"date":"2026-04-28T19:37:00","date_gmt":"2026-04-28T22:37:00","guid":{"rendered":"https:\/\/ifdcvm-slu.infd.edu.ar\/sitio\/?p=18001"},"modified":"2026-04-28T19:39:33","modified_gmt":"2026-04-28T22:39:33","slug":"%f0%9f%92%83-taller-inicial-de-danzas-folkloricas-%f0%9f%87%a6%f0%9f%87%b7","status":"publish","type":"post","link":"https:\/\/ifdcvm-slu.infd.edu.ar\/sitio\/%f0%9f%92%83-taller-inicial-de-danzas-folkloricas-%f0%9f%87%a6%f0%9f%87%b7\/","title":{"rendered":"&#x1f483; TALLER INICIAL DE DANZAS FOLKL\u00d3RICAS &#x1f1e6;&#x1f1f7;"},"content":{"rendered":"\n<figure class=\"wp-block-image size-large\"><img decoding=\"async\" loading=\"lazy\" width=\"1520\" height=\"1900\" src=\"https:\/\/ifdcvm-slu.infd.edu.ar\/sitio\/wp-content\/uploads\/2026\/04\/inicial-42-1520x1900.jpg\" alt=\"\" class=\"wp-image-18002\" srcset=\"https:\/\/ifdcvm-slu.infd.edu.ar\/sitio\/wp-content\/uploads\/2026\/04\/inicial-42-1520x1900.jpg 1520w, https:\/\/ifdcvm-slu.infd.edu.ar\/sitio\/wp-content\/uploads\/2026\/04\/inicial-42-800x1000.jpg 800w, https:\/\/ifdcvm-slu.infd.edu.ar\/sitio\/wp-content\/uploads\/2026\/04\/inicial-42-768x960.jpg 768w, https:\/\/ifdcvm-slu.infd.edu.ar\/sitio\/wp-content\/uploads\/2026\/04\/inicial-42-1229x1536.jpg 1229w, https:\/\/ifdcvm-slu.infd.edu.ar\/sitio\/wp-content\/uploads\/2026\/04\/inicial-42-1639x2048.jpg 1639w, https:\/\/ifdcvm-slu.infd.edu.ar\/sitio\/wp-content\/uploads\/2026\/04\/inicial-42-scaled.jpg 2048w\" sizes=\"(max-width: 1520px) 100vw, 1520px\" \/><\/figure>\n\n\n\n<p>\u00bfQuer\u00e9s dar tus primeros pasos en el folklore? \u00a1Se abre la convocatoria para el <strong>Taller Inicial de Danzas<\/strong>! Un espacio para aprender y disfrutar de nuestra cultura. &#x1f33f;&#x2728;<\/p>\n\n\n\n<p><strong>&#x26a0;&#xfe0f; IMPORTANTE:<\/strong> El cupo es limitado. Te solicitamos inscribirte \u00fanicamente si ten\u00e9s la seguridad de poder participar efectivamente de los encuentros. &#x1f64c;<\/p>\n\n\n\n<p><strong>&#x1f4cc; Informaci\u00f3n clave:<\/strong><\/p>\n\n\n\n<ul>\n<li>&#x1f5d3;&#xfe0f; <strong>Inicio:<\/strong> Martes 5 de mayo.<\/li>\n\n\n\n<li>&#x1f552; <strong>Ensayos:<\/strong> Todos los martes de 18:30 a 20:00 hs.<\/li>\n\n\n\n<li>&#x1f3ad; <strong>Lugar:<\/strong> Teatro del IFDCVM.<\/li>\n\n\n\n<li>&#x1f465; <strong>Profesores:<\/strong> Mica D\u00edaz y Lautaro Fern\u00e1ndez.<\/li>\n<\/ul>\n\n\n\n<p><strong>&#x1f517; \u00a1Asegur\u00e1 tu lugar aqu\u00ed!:<\/strong> <a target=\"_blank\" rel=\"noreferrer noopener\" href=\"https:\/\/forms.gle\/7LYSTv4K3nQ8kYeaA\">https:\/\/forms.gle\/7LYSTv4K3nQ8kYeaA<\/a> &#x1f5b1;&#xfe0f;&#x2705;<\/p>\n\n\n\n<p><strong>&#x1f4e9; Consultas:<\/strong> sujetos1y2.musica@ifdcvm.edu.ar<\/p>\n\n\n\n<p><strong>Organiza:<\/strong> Trayecto Ensambles Musicales &#8211; Profesorado de M\u00fasica &#x1f3bc; (Prof. Cavallero, G\u00f3mez y Corsiglia)<\/p>\n\n\n\n<p>\u00a1Te esperamos para compartir el baile y la tradici\u00f3n! &#x1f3bb;&#x1f3b6;<\/p>\n","protected":false},"excerpt":{"rendered":"<p>\u00bfQuer\u00e9s dar tus primeros pasos en el folklore? \u00a1Se abre la convocatoria para el Taller Inicial de Danzas! Un espacio para aprender y disfrutar de nuestra cultura. &#x1f33f;&#x2728; &#x26a0;&#xfe0f; IMPORTANTE: El cupo es limitado. Te solicitamos inscribirte \u00fanicamente si ten\u00e9s la seguridad de poder participar efectivamente de los encuentros. &#x1f64c; &#x1f4cc; Informaci\u00f3n clave: &#x1f517; \u00a1Asegur\u00e1 &#8230; <a title=\"&#x1f483; TALLER INICIAL DE DANZAS FOLKL\u00d3RICAS &#x1f1e6;&#x1f1f7;\" class=\"read-more\" href=\"https:\/\/ifdcvm-slu.infd.edu.ar\/sitio\/%f0%9f%92%83-taller-inicial-de-danzas-folkloricas-%f0%9f%87%a6%f0%9f%87%b7\/\" aria-label=\"More on &#x1f483; TALLER INICIAL DE DANZAS FOLKL\u00d3RICAS &#x1f1e6;&#x1f1f7;\">[+]<\/a><\/p>\n","protected":false},"author":1518,"featured_media":18003,"comment_status":"open","ping_status":"open","sticky":false,"template":"","format":"standard","meta":[],"categories":[1],"tags":[],"acf":[],"_links":{"self":[{"href":"https:\/\/ifdcvm-slu.infd.edu.ar\/sitio\/wp-json\/wp\/v2\/posts\/18001"}],"collection":[{"href":"https:\/\/ifdcvm-slu.infd.edu.ar\/sitio\/wp-json\/wp\/v2\/posts"}],"about":[{"href":"https:\/\/ifdcvm-slu.infd.edu.ar\/sitio\/wp-json\/wp\/v2\/types\/post"}],"author":[{"embeddable":true,"href":"https:\/\/ifdcvm-slu.infd.edu.ar\/sitio\/wp-json\/wp\/v2\/users\/1518"}],"replies":[{"embeddable":true,"href":"https:\/\/ifdcvm-slu.infd.edu.ar\/sitio\/wp-json\/wp\/v2\/comments?post=18001"}],"version-history":[{"count":1,"href":"https:\/\/ifdcvm-slu.infd.edu.ar\/sitio\/wp-json\/wp\/v2\/posts\/18001\/revisions"}],"predecessor-version":[{"id":18004,"href":"https:\/\/ifdcvm-slu.infd.edu.ar\/sitio\/wp-json\/wp\/v2\/posts\/18001\/revisions\/18004"}],"wp:featuredmedia":[{"embeddable":true,"href":"https:\/\/ifdcvm-slu.infd.edu.ar\/sitio\/wp-json\/wp\/v2\/media\/18003"}],"wp:attachment":[{"href":"https:\/\/ifdcvm-slu.infd.edu.ar\/sitio\/wp-json\/wp\/v2\/media?parent=18001"}],"wp:term":[{"taxonomy":"category","embeddable":true,"href":"https:\/\/ifdcvm-slu.infd.edu.ar\/sitio\/wp-json\/wp\/v2\/categories?post=18001"},{"taxonomy":"post_tag","embeddable":true,"href":"https:\/\/ifdcvm-slu.infd.edu.ar\/sitio\/wp-json\/wp\/v2\/tags?post=18001"}],"curies":[{"name":"wp","href":"https:\/\/api.w.org\/{rel}","templated":true}]}}