{"id":18005,"date":"2026-04-30T16:52:29","date_gmt":"2026-04-30T19:52:29","guid":{"rendered":"https:\/\/ifdcvm-slu.infd.edu.ar\/sitio\/?p=18005"},"modified":"2026-04-30T16:52:32","modified_gmt":"2026-04-30T19:52:32","slug":"proyecto-de-extension-la-ocasion-lectura-y-escritura-literaria-en-comunidad","status":"publish","type":"post","link":"https:\/\/ifdcvm-slu.infd.edu.ar\/sitio\/proyecto-de-extension-la-ocasion-lectura-y-escritura-literaria-en-comunidad\/","title":{"rendered":"Proyecto de Extensi\u00f3n. La Ocasi\u00f3n. Lectura y escritura literaria en comunidad"},"content":{"rendered":"\n<figure class=\"wp-block-image size-large\"><img decoding=\"async\" loading=\"lazy\" width=\"1520\" height=\"1900\" src=\"https:\/\/ifdcvm-slu.infd.edu.ar\/sitio\/wp-content\/uploads\/2026\/04\/la-ocasion-35-1520x1900.jpg\" alt=\"\" class=\"wp-image-18006\" srcset=\"https:\/\/ifdcvm-slu.infd.edu.ar\/sitio\/wp-content\/uploads\/2026\/04\/la-ocasion-35-1520x1900.jpg 1520w, https:\/\/ifdcvm-slu.infd.edu.ar\/sitio\/wp-content\/uploads\/2026\/04\/la-ocasion-35-800x1000.jpg 800w, https:\/\/ifdcvm-slu.infd.edu.ar\/sitio\/wp-content\/uploads\/2026\/04\/la-ocasion-35-768x960.jpg 768w, https:\/\/ifdcvm-slu.infd.edu.ar\/sitio\/wp-content\/uploads\/2026\/04\/la-ocasion-35-1229x1536.jpg 1229w, https:\/\/ifdcvm-slu.infd.edu.ar\/sitio\/wp-content\/uploads\/2026\/04\/la-ocasion-35-1639x2048.jpg 1639w, https:\/\/ifdcvm-slu.infd.edu.ar\/sitio\/wp-content\/uploads\/2026\/04\/la-ocasion-35-scaled.jpg 2048w\" sizes=\"(max-width: 1520px) 100vw, 1520px\" \/><\/figure>\n\n\n\n<p>Inicia: martes 12 de mayo. Horario 14.15 a 15.45 hs. Cronograma de encuentros:\u00a0 26\/5 &#8211; 9\/6- 23\/6- 4\/8-18\/8-1\/9-15\/9-29\/9-13\/10-27\/10<\/p>\n\n\n\n<p>Lugar: Biblioteca &#8211; Coordinadoras:\u00a0Silvana Ledesma. Paz Her\u00f3n Ruiz. Destinatarios del proyecto: Estudiantes del IFDC, docentes, no docentes, graduados, p\u00fablico en general.<\/p>\n\n\n\n<p><strong>S\u00edntesis del proyecto para difundir: <\/strong>Encuentros de lectura para leer y conversar sobre diferentes g\u00e9neros y autores de literatura infantil y juvenil, y los di\u00e1logos posibles con otras manifestaciones culturales. Se propone una selecci\u00f3n literaria a partir de criterios espec\u00edficos e itinerarios de lectura, en algunas instancias se ofrecer\u00e1n actividades de escritura para explorar, jugar y apropiarse de las palabras.<\/p>\n\n\n\n<p>La finalidad ser\u00e1 retomar y ampliar la comunidad de lectura del IFDC, teniendo en cuenta que este es el tercer a\u00f1o consecutivo de tal propuesta. Una comunidad de lectura compuesta por personal docente, no docente, estudiantes, graduados de la instituci\u00f3n y p\u00fablico en general.<\/p>\n","protected":false},"excerpt":{"rendered":"<p>Inicia: martes 12 de mayo. Horario 14.15 a 15.45 hs. Cronograma de encuentros:\u00a0 26\/5 &#8211; 9\/6- 23\/6- 4\/8-18\/8-1\/9-15\/9-29\/9-13\/10-27\/10 Lugar: Biblioteca &#8211; Coordinadoras:\u00a0Silvana Ledesma. Paz Her\u00f3n Ruiz. Destinatarios del proyecto: Estudiantes del IFDC, docentes, no docentes, graduados, p\u00fablico en general. S\u00edntesis del proyecto para difundir: Encuentros de lectura para leer y conversar sobre diferentes g\u00e9neros y &#8230; <a title=\"Proyecto de Extensi\u00f3n. La Ocasi\u00f3n. Lectura y escritura literaria en comunidad\" class=\"read-more\" href=\"https:\/\/ifdcvm-slu.infd.edu.ar\/sitio\/proyecto-de-extension-la-ocasion-lectura-y-escritura-literaria-en-comunidad\/\" aria-label=\"More on Proyecto de Extensi\u00f3n. La Ocasi\u00f3n. Lectura y escritura literaria en comunidad\">[+]<\/a><\/p>\n","protected":false},"author":1518,"featured_media":18007,"comment_status":"open","ping_status":"open","sticky":false,"template":"","format":"standard","meta":[],"categories":[1],"tags":[],"acf":[],"_links":{"self":[{"href":"https:\/\/ifdcvm-slu.infd.edu.ar\/sitio\/wp-json\/wp\/v2\/posts\/18005"}],"collection":[{"href":"https:\/\/ifdcvm-slu.infd.edu.ar\/sitio\/wp-json\/wp\/v2\/posts"}],"about":[{"href":"https:\/\/ifdcvm-slu.infd.edu.ar\/sitio\/wp-json\/wp\/v2\/types\/post"}],"author":[{"embeddable":true,"href":"https:\/\/ifdcvm-slu.infd.edu.ar\/sitio\/wp-json\/wp\/v2\/users\/1518"}],"replies":[{"embeddable":true,"href":"https:\/\/ifdcvm-slu.infd.edu.ar\/sitio\/wp-json\/wp\/v2\/comments?post=18005"}],"version-history":[{"count":1,"href":"https:\/\/ifdcvm-slu.infd.edu.ar\/sitio\/wp-json\/wp\/v2\/posts\/18005\/revisions"}],"predecessor-version":[{"id":18008,"href":"https:\/\/ifdcvm-slu.infd.edu.ar\/sitio\/wp-json\/wp\/v2\/posts\/18005\/revisions\/18008"}],"wp:featuredmedia":[{"embeddable":true,"href":"https:\/\/ifdcvm-slu.infd.edu.ar\/sitio\/wp-json\/wp\/v2\/media\/18007"}],"wp:attachment":[{"href":"https:\/\/ifdcvm-slu.infd.edu.ar\/sitio\/wp-json\/wp\/v2\/media?parent=18005"}],"wp:term":[{"taxonomy":"category","embeddable":true,"href":"https:\/\/ifdcvm-slu.infd.edu.ar\/sitio\/wp-json\/wp\/v2\/categories?post=18005"},{"taxonomy":"post_tag","embeddable":true,"href":"https:\/\/ifdcvm-slu.infd.edu.ar\/sitio\/wp-json\/wp\/v2\/tags?post=18005"}],"curies":[{"name":"wp","href":"https:\/\/api.w.org\/{rel}","templated":true}]}}