{"id":4946,"date":"2018-07-30T18:54:14","date_gmt":"2018-07-30T21:54:14","guid":{"rendered":"https:\/\/ifdcvm-slu.infd.edu.ar\/sitio\/?p=4946"},"modified":"2018-07-30T18:54:15","modified_gmt":"2018-07-30T21:54:15","slug":"curso-de-posgrado-no-arancelado-viernes-3-de-agosto","status":"publish","type":"post","link":"https:\/\/ifdcvm-slu.infd.edu.ar\/sitio\/curso-de-posgrado-no-arancelado-viernes-3-de-agosto\/","title":{"rendered":"Curso de posgrado NO ARANCELADO &#8211; Viernes 3 de agosto"},"content":{"rendered":"<p>Curso de posgrado NO ARANCELADO.<\/p>\n<p>El pr\u00f3ximo viernes 3 de agosto daremos inicio al Curso de Posgrado \u201cLA CONSTRUCCI\u00d3N DE LOS PROBLEMAS DE INDAGACI\u00d3N EN UN CAMPO PROBLEM\u00c1TICO.\u201d El mismo tendr\u00e1 lugar en el aula 137 del Campus universitario. En los horarios de 9 a 13 y 15 a 18 hs.<br \/>\nInformes por este medio o al correo electr\u00f3nico: prog.fortalecimiento@gmail.com<br \/>\nInscripciones en:<span class=\"text_exposed_show\"><br \/>\n<a href=\"https:\/\/autogestion-posgrado.unsl.edu.ar\/autogestion\/\" target=\"_blank\" rel=\"noopener nofollow\" data-ft=\"{&quot;tn&quot;:&quot;-U&quot;}\" data-lynx-mode=\"asynclazy\" data-lynx-uri=\"https:\/\/l.facebook.com\/l.php?u=https%3A%2F%2Fautogestion-posgrado.unsl.edu.ar%2Fautogestion%2F&amp;h=AT3TfKsH5bMDS8Gnjr24iQIUda0TqgykRblfxc4QYirn1nWvFvqJbhRSFOqAk471xYbRDN7FPTohi6AeQ0MT_XXn6B-Zlhpx6ILdU1c1wXlIGMVZNT-UIlQtMWknOvGY3LL39uzeZJyuqJ5vq0AK\">https:\/\/autogestion-posgrado.unsl.edu.ar\/autogestion\/<\/a><\/span><\/p>\n<p><img decoding=\"async\" loading=\"lazy\" class=\"alignnone size-medium wp-image-4947\" src=\"https:\/\/ifdcvm-slu.infd.edu.ar\/sitio\/wp-content\/uploads\/2018\/07\/cur_posgrado_web-700x1000.jpg\" alt=\"\" width=\"700\" height=\"1000\" srcset=\"https:\/\/ifdcvm-slu.infd.edu.ar\/sitio\/wp-content\/uploads\/2018\/07\/cur_posgrado_web-700x1000.jpg 700w, https:\/\/ifdcvm-slu.infd.edu.ar\/sitio\/wp-content\/uploads\/2018\/07\/cur_posgrado_web.jpg 725w\" sizes=\"(max-width: 700px) 100vw, 700px\" \/><\/p>\n","protected":false},"excerpt":{"rendered":"<p>Curso de posgrado NO ARANCELADO. El pr\u00f3ximo viernes 3 de agosto daremos inicio al Curso de Posgrado \u201cLA CONSTRUCCI\u00d3N DE LOS PROBLEMAS DE INDAGACI\u00d3N EN UN CAMPO PROBLEM\u00c1TICO.\u201d El mismo tendr\u00e1 lugar en el aula 137 del Campus universitario. En los horarios de 9 a 13 y 15 a 18 hs. Informes por este medio &#8230; <a title=\"Curso de posgrado NO ARANCELADO &#8211; Viernes 3 de agosto\" class=\"read-more\" href=\"https:\/\/ifdcvm-slu.infd.edu.ar\/sitio\/curso-de-posgrado-no-arancelado-viernes-3-de-agosto\/\" aria-label=\"More on Curso de posgrado NO ARANCELADO &#8211; Viernes 3 de agosto\">[+]<\/a><\/p>\n","protected":false},"author":1518,"featured_media":0,"comment_status":"open","ping_status":"open","sticky":false,"template":"","format":"standard","meta":[],"categories":[1],"tags":[],"acf":[],"_links":{"self":[{"href":"https:\/\/ifdcvm-slu.infd.edu.ar\/sitio\/wp-json\/wp\/v2\/posts\/4946"}],"collection":[{"href":"https:\/\/ifdcvm-slu.infd.edu.ar\/sitio\/wp-json\/wp\/v2\/posts"}],"about":[{"href":"https:\/\/ifdcvm-slu.infd.edu.ar\/sitio\/wp-json\/wp\/v2\/types\/post"}],"author":[{"embeddable":true,"href":"https:\/\/ifdcvm-slu.infd.edu.ar\/sitio\/wp-json\/wp\/v2\/users\/1518"}],"replies":[{"embeddable":true,"href":"https:\/\/ifdcvm-slu.infd.edu.ar\/sitio\/wp-json\/wp\/v2\/comments?post=4946"}],"version-history":[{"count":1,"href":"https:\/\/ifdcvm-slu.infd.edu.ar\/sitio\/wp-json\/wp\/v2\/posts\/4946\/revisions"}],"predecessor-version":[{"id":4948,"href":"https:\/\/ifdcvm-slu.infd.edu.ar\/sitio\/wp-json\/wp\/v2\/posts\/4946\/revisions\/4948"}],"wp:attachment":[{"href":"https:\/\/ifdcvm-slu.infd.edu.ar\/sitio\/wp-json\/wp\/v2\/media?parent=4946"}],"wp:term":[{"taxonomy":"category","embeddable":true,"href":"https:\/\/ifdcvm-slu.infd.edu.ar\/sitio\/wp-json\/wp\/v2\/categories?post=4946"},{"taxonomy":"post_tag","embeddable":true,"href":"https:\/\/ifdcvm-slu.infd.edu.ar\/sitio\/wp-json\/wp\/v2\/tags?post=4946"}],"curies":[{"name":"wp","href":"https:\/\/api.w.org\/{rel}","templated":true}]}}