{"id":5087,"date":"2018-08-11T08:49:55","date_gmt":"2018-08-11T11:49:55","guid":{"rendered":"https:\/\/ifdcvm-slu.infd.edu.ar\/sitio\/?p=5087"},"modified":"2018-08-11T08:49:55","modified_gmt":"2018-08-11T11:49:55","slug":"actualizacion-academica-en-educacion-rural-para-docentes-del-nivel-primario","status":"publish","type":"post","link":"https:\/\/ifdcvm-slu.infd.edu.ar\/sitio\/actualizacion-academica-en-educacion-rural-para-docentes-del-nivel-primario\/","title":{"rendered":"\u201cActualizaci\u00f3n Acad\u00e9mica en Educaci\u00f3n Rural para Docentes del nivel primario\u201d"},"content":{"rendered":"<p><img decoding=\"async\" loading=\"lazy\" class=\"alignnone size-full wp-image-5088\" src=\"https:\/\/ifdcvm-slu.infd.edu.ar\/sitio\/wp-content\/uploads\/2018\/08\/Actualizaci\u00f3n-Acad\u00e9mica-en-E-e1533988142165.jpg\" alt=\"\" width=\"750\" height=\"563\" \/><\/p>\n<p>El Ministerio de Educaci\u00f3n abre inscripciones desde el <strong>13 de agosto al 7 de septiembre<\/strong> \u00a0para\u00a0 la <strong>\u201cActualizaci\u00f3n Acad\u00e9mica en Educaci\u00f3n Rural para Docentes del nivel primario\u201d,<\/strong> se realizar\u00e1 como acci\u00f3n conjunta del Programa de Educaci\u00f3n (a trav\u00e9s del PROMER II) y el Programa de Educaci\u00f3n Superior a trav\u00e9s del IFDC. VM.<\/p>\n<p>Esta Actualizaci\u00f3n tiene por finalidad actualizar la formaci\u00f3n de los docentes rurales del nivel primario, consta de 200hs distribuidas en cinco m\u00f3dulos que se dictar\u00e1n mediante clases presenciales en las escuelas N\u00ba83 \u201cGeneral Soler\u201d de Colonia Zubelzu y N\u00ba 285 \u201cGranadero Puntano\u201d.<\/p>\n<p>La inscripci\u00f3n se llevar\u00e1 a cabo\u00a0 en el IFDC.VM, sito en 9 de julio 1147, en secci\u00f3n T\u00edtulos.<\/p>\n<p>Es requisito ser docente de nivel primario en ejercicio en escuela rural.<\/p>\n<p>Documentaci\u00f3n a presentar: t\u00edtulo docente, decreto de designaci\u00f3n, DJ y copia de DNI.<\/p>\n<p>Cupos limitados<\/p>\n","protected":false},"excerpt":{"rendered":"<p>El Ministerio de Educaci\u00f3n abre inscripciones desde el 13 de agosto al 7 de septiembre \u00a0para\u00a0 la \u201cActualizaci\u00f3n Acad\u00e9mica en Educaci\u00f3n Rural para Docentes del nivel primario\u201d, se realizar\u00e1 como acci\u00f3n conjunta del Programa de Educaci\u00f3n (a trav\u00e9s del PROMER II) y el Programa de Educaci\u00f3n Superior a trav\u00e9s del IFDC. VM. Esta Actualizaci\u00f3n tiene &#8230; <a title=\"\u201cActualizaci\u00f3n Acad\u00e9mica en Educaci\u00f3n Rural para Docentes del nivel primario\u201d\" class=\"read-more\" href=\"https:\/\/ifdcvm-slu.infd.edu.ar\/sitio\/actualizacion-academica-en-educacion-rural-para-docentes-del-nivel-primario\/\" aria-label=\"More on \u201cActualizaci\u00f3n Acad\u00e9mica en Educaci\u00f3n Rural para Docentes del nivel primario\u201d\">[+]<\/a><\/p>\n","protected":false},"author":1518,"featured_media":0,"comment_status":"open","ping_status":"open","sticky":false,"template":"","format":"standard","meta":[],"categories":[1],"tags":[],"acf":[],"_links":{"self":[{"href":"https:\/\/ifdcvm-slu.infd.edu.ar\/sitio\/wp-json\/wp\/v2\/posts\/5087"}],"collection":[{"href":"https:\/\/ifdcvm-slu.infd.edu.ar\/sitio\/wp-json\/wp\/v2\/posts"}],"about":[{"href":"https:\/\/ifdcvm-slu.infd.edu.ar\/sitio\/wp-json\/wp\/v2\/types\/post"}],"author":[{"embeddable":true,"href":"https:\/\/ifdcvm-slu.infd.edu.ar\/sitio\/wp-json\/wp\/v2\/users\/1518"}],"replies":[{"embeddable":true,"href":"https:\/\/ifdcvm-slu.infd.edu.ar\/sitio\/wp-json\/wp\/v2\/comments?post=5087"}],"version-history":[{"count":1,"href":"https:\/\/ifdcvm-slu.infd.edu.ar\/sitio\/wp-json\/wp\/v2\/posts\/5087\/revisions"}],"predecessor-version":[{"id":5089,"href":"https:\/\/ifdcvm-slu.infd.edu.ar\/sitio\/wp-json\/wp\/v2\/posts\/5087\/revisions\/5089"}],"wp:attachment":[{"href":"https:\/\/ifdcvm-slu.infd.edu.ar\/sitio\/wp-json\/wp\/v2\/media?parent=5087"}],"wp:term":[{"taxonomy":"category","embeddable":true,"href":"https:\/\/ifdcvm-slu.infd.edu.ar\/sitio\/wp-json\/wp\/v2\/categories?post=5087"},{"taxonomy":"post_tag","embeddable":true,"href":"https:\/\/ifdcvm-slu.infd.edu.ar\/sitio\/wp-json\/wp\/v2\/tags?post=5087"}],"curies":[{"name":"wp","href":"https:\/\/api.w.org\/{rel}","templated":true}]}}