{"id":5523,"date":"2018-10-10T10:05:54","date_gmt":"2018-10-10T13:05:54","guid":{"rendered":"https:\/\/ifdcvm-slu.infd.edu.ar\/sitio\/?p=5523"},"modified":"2018-10-10T10:07:24","modified_gmt":"2018-10-10T13:07:24","slug":"v-jornadas-nacionales-de-educacion-sexual-y-genero-6-y-7-de-noviembre-2018","status":"publish","type":"post","link":"https:\/\/ifdcvm-slu.infd.edu.ar\/sitio\/v-jornadas-nacionales-de-educacion-sexual-y-genero-6-y-7-de-noviembre-2018\/","title":{"rendered":"\u00abV Jornadas Nacionales de Educaci\u00f3n Sexual y G\u00e9nero\u00bb 6 y 7 de noviembre 2018"},"content":{"rendered":"<div class=\"freebirdFormviewerViewHeaderTitleRow\">\n<h2 class=\"freebirdFormviewerViewHeaderTitle exportFormTitle freebirdCustomFont\" dir=\"auto\" role=\"heading\" aria-level=\"1\">\u00abV Jornadas Nacionales de Educaci\u00f3n Sexual y G\u00e9nero\u00bb 6 y 7 de noviembre 2018<\/h2>\n<div dir=\"auto\" role=\"heading\" aria-level=\"1\"><\/div>\n<\/div>\n<div class=\"freebirdFormviewerViewHeaderDescription\" dir=\"auto\">La Direcci\u00f3n de Extensi\u00f3n del IFDC VM convoca a la presentaci\u00f3n de <strong>TALLERES<\/strong> que pongan acento en la ense\u00f1anza de la ESI.<br \/>\nPara participar, complete un <a href=\"https:\/\/docs.google.com\/forms\/d\/e\/1FAIpQLSeYTlLRxy0K93sZjWlOmhonkDgJlpVOwylWU89ONpY8s0BL4g\/viewform\">formulario<\/a> por cada taller que ofrezca. <strong>Fecha l\u00edmite lunes 22 de octubre<\/strong>. S\u00f3lo se admitir\u00e1 un m\u00e1ximo de 3 talleristas por propuesta, tambi\u00e9n convoca a participar en car\u00e1cter de <strong>EXPOSITORES<\/strong> en las Jornadas, para ello deber\u00e1n completar un (1) formulario por cada <a href=\"https:\/\/docs.google.com\/forms\/d\/e\/1FAIpQLSdFvsUv661_r1td5yvRxttbqDkeecgR8xOEVoRSK7gdAtQzNg\/viewform\">RELATO DE EXPERIENCIA<\/a>. <strong>Fecha l\u00edmite de env\u00edo de <a href=\"https:\/\/docs.google.com\/forms\/d\/e\/1FAIpQLSdFvsUv661_r1td5yvRxttbqDkeecgR8xOEVoRSK7gdAtQzNg\/viewform\">formulario\/s<\/a> lunes 22 de octubre<\/strong>. La\/s expositoras el\/los expositores, adem\u00e1s tendr\u00e1n puntaje docente como asistentes.<\/div>\n<div dir=\"auto\"><\/div>\n<div dir=\"auto\"><img decoding=\"async\" loading=\"lazy\" class=\"alignnone size-full wp-image-5522\" src=\"https:\/\/ifdcvm-slu.infd.edu.ar\/sitio\/wp-content\/uploads\/2018\/10\/relatos_v_-1.jpg\" alt=\"\" width=\"750\" height=\"600\" \/><\/div>\n<div class=\"freebirdFormviewerViewHeaderDescription\" dir=\"auto\"><\/div>\n<div dir=\"auto\">Para m\u00e1s informaci\u00f3n escriba a extension.ifdcvm@gmail.com<\/div>\n","protected":false},"excerpt":{"rendered":"<p>\u00abV Jornadas Nacionales de Educaci\u00f3n Sexual y G\u00e9nero\u00bb 6 y 7 de noviembre 2018 La Direcci\u00f3n de Extensi\u00f3n del IFDC VM convoca a la presentaci\u00f3n de TALLERES que pongan acento en la ense\u00f1anza de la ESI. Para participar, complete un formulario por cada taller que ofrezca. Fecha l\u00edmite lunes 22 de octubre. S\u00f3lo se admitir\u00e1 &#8230; <a title=\"\u00abV Jornadas Nacionales de Educaci\u00f3n Sexual y G\u00e9nero\u00bb 6 y 7 de noviembre 2018\" class=\"read-more\" href=\"https:\/\/ifdcvm-slu.infd.edu.ar\/sitio\/v-jornadas-nacionales-de-educacion-sexual-y-genero-6-y-7-de-noviembre-2018\/\" aria-label=\"More on \u00abV Jornadas Nacionales de Educaci\u00f3n Sexual y G\u00e9nero\u00bb 6 y 7 de noviembre 2018\">[+]<\/a><\/p>\n","protected":false},"author":1518,"featured_media":0,"comment_status":"open","ping_status":"open","sticky":false,"template":"","format":"standard","meta":[],"categories":[1],"tags":[],"acf":[],"_links":{"self":[{"href":"https:\/\/ifdcvm-slu.infd.edu.ar\/sitio\/wp-json\/wp\/v2\/posts\/5523"}],"collection":[{"href":"https:\/\/ifdcvm-slu.infd.edu.ar\/sitio\/wp-json\/wp\/v2\/posts"}],"about":[{"href":"https:\/\/ifdcvm-slu.infd.edu.ar\/sitio\/wp-json\/wp\/v2\/types\/post"}],"author":[{"embeddable":true,"href":"https:\/\/ifdcvm-slu.infd.edu.ar\/sitio\/wp-json\/wp\/v2\/users\/1518"}],"replies":[{"embeddable":true,"href":"https:\/\/ifdcvm-slu.infd.edu.ar\/sitio\/wp-json\/wp\/v2\/comments?post=5523"}],"version-history":[{"count":3,"href":"https:\/\/ifdcvm-slu.infd.edu.ar\/sitio\/wp-json\/wp\/v2\/posts\/5523\/revisions"}],"predecessor-version":[{"id":5526,"href":"https:\/\/ifdcvm-slu.infd.edu.ar\/sitio\/wp-json\/wp\/v2\/posts\/5523\/revisions\/5526"}],"wp:attachment":[{"href":"https:\/\/ifdcvm-slu.infd.edu.ar\/sitio\/wp-json\/wp\/v2\/media?parent=5523"}],"wp:term":[{"taxonomy":"category","embeddable":true,"href":"https:\/\/ifdcvm-slu.infd.edu.ar\/sitio\/wp-json\/wp\/v2\/categories?post=5523"},{"taxonomy":"post_tag","embeddable":true,"href":"https:\/\/ifdcvm-slu.infd.edu.ar\/sitio\/wp-json\/wp\/v2\/tags?post=5523"}],"curies":[{"name":"wp","href":"https:\/\/api.w.org\/{rel}","templated":true}]}}