{"id":7326,"date":"2019-11-04T23:03:37","date_gmt":"2019-11-05T02:03:37","guid":{"rendered":"https:\/\/ifdcvm-slu.infd.edu.ar\/sitio\/?p=7326"},"modified":"2019-11-11T20:53:40","modified_gmt":"2019-11-11T23:53:40","slug":"cuadernillos-de-lengua-y-el-de-matematica-para-los-ingresantes-mayores-de-25-anos","status":"publish","type":"post","link":"https:\/\/ifdcvm-slu.infd.edu.ar\/sitio\/cuadernillos-de-lengua-y-el-de-matematica-para-los-ingresantes-mayores-de-25-anos\/","title":{"rendered":"Cuadernillos de Lengua y Matem\u00e1tica para los ingresantes mayores de 25 a\u00f1os"},"content":{"rendered":"<h1><span style=\"color: #993300;\">Cuadernillo de Lengua <\/span><\/h1>\n<h3><strong>Presentaci\u00f3n<\/strong><\/h3>\n<p>La Ley de Educaci\u00f3n Superior Cap. II Art.7- refiere que los mayores de 25 a\u00f1os que no<br \/>\nhayan finalizado el Nivel medio, podr\u00e1n rendir un examen para poder ingresar, como<br \/>\nalumnos, a instituciones de nivel superior.<br \/>\nPor lo tanto, este cuadernillo es una herramienta para quienes quieran integrarse al<br \/>\nespacio educativo de nivel superior. El objetivo principal es acercar a los aspirantes un<br \/>\nmaterial con los aprendizajes b\u00e1sicos de Lengua y Literatura para que puedan aprobar la<br \/>\ninstancia evaluativa correspondiente.<br \/>\nPartimos de la idea de que un aprendizaje remite a los saberes fundamentales que una<br \/>\ninstituci\u00f3n de formaci\u00f3n debe garantizar a todos los estudiantes ya que, por su<br \/>\nsignificatividad y relevancia, son centrales y necesarios para el pleno desarrollo de las<br \/>\npotencialidades de los futuros docentes, su participaci\u00f3n en la cultura y la inclusi\u00f3n social.<br \/>\nLos aprendizajes involucran contenidos, conceptos, formas culturales, lenguajes, valores,<br \/>\ndestrezas, actitudes, procedimientos y pr\u00e1cticas que se revisten de un sentido formativo<br \/>\nespec\u00edfico, el cual colabora en el desarrollo de las diferentes capacidades previstas en las<br \/>\nintencionalidades de la Educaci\u00f3n Superior.<br \/>\nEl desarrollo de esta propuesta implica un recorrido por diversos textos, voces de<br \/>\nespecialistas, actividades de reconocimiento y de reflexi\u00f3n, as\u00ed como otras destinadas a la<br \/>\nproducci\u00f3n de diferentes textos. Este material pretende focalizar, integrar y desarrollar<br \/>\nlos contenidos generales, para brindar a los estudiantes la posibilidad de apropiarse de<br \/>\nsaberes elementales.<\/p>\n<h4 style=\"text-align: center;\"><strong>Documento cuadernillo de Material Te\u00f3rico<\/strong><\/h4>\n<h4 style=\"text-align: center;\"><strong>\u00a0<a href=\"https:\/\/ifdcvm-slu.infd.edu.ar\/sitio\/wp-content\/uploads\/2019\/11\/Cuadernillo-de-Lengua_-Mayores-de-25_2019.pdf\" target=\"_blank\" rel=\"noopener\">LENGUA<\/a> (enlace para descargar cuadernillo)<\/strong><\/h4>\n<h4><\/h4>\n<p>&nbsp;<\/p>\n<h4 style=\"text-align: center;\"><strong>Documento Material pr\u00e1ctico: <\/strong><\/h4>\n<h4 style=\"text-align: center;\"><a href=\"https:\/\/ifdcvm-slu.infd.edu.ar\/sitio\/wp-content\/uploads\/2019\/11\/Cuadernillo-de-Lengua_-Mayores-de-25_2019-1.pdf\" target=\"_blank\" rel=\"noopener\">LENGUA<\/a>\u00a0<strong>(enlace para descargar)<\/strong><\/h4>\n<p>&nbsp;<\/p>\n<h1><\/h1>\n<h1><span style=\"color: #993300;\">Cuadernillo de Matem\u00e1tica<\/span><\/h1>\n<h3><strong>La receta fant\u00e1stica para ense\u00f1ar matem\u00e1tica<\/strong><\/h3>\n<p>Antes de comenzar la lectura de \u00e9ste texto., es conveniente preguntarnos \u00bfpara qu\u00e9<br \/>\naprender matem\u00e1tica?&#8230; Como dijo una vez un profesor: \u201cla matem\u00e1tica es un aguafiestas<br \/>\nque envenena las reuniones familiares y emponzo\u00f1a las vacaciones&#8230;\u201d (Willy Savarais).<br \/>\nSin duda esta es la imagen de algunos, para quienes la matem\u00e1tica ha sido ense\u00f1ada con<br \/>\nuna receta como la dimos al principio, pero, para otros, el aprender matem\u00e1tica no es una<br \/>\ntarea dura, m\u00e1xime si reconocemos que en la actualidad es imposible estudiar cualquier<br \/>\ndisciplina sin tener herramientas m\u00ednimas de la matem\u00e1tica.<\/p>\n<h4 style=\"text-align: center;\"><strong>Documento: <a href=\"https:\/\/ifdcvm-slu.infd.edu.ar\/sitio\/wp-content\/uploads\/2019\/11\/Cuadernillo-de-Matem\u00e1tica_Mayores-de-25_2019.pdf\" target=\"_blank\" rel=\"noopener\">MATEM\u00c1TICA<\/a> (enlace para descargar cuadernillo)<\/strong><\/h4>\n","protected":false},"excerpt":{"rendered":"<p>Cuadernillo de Lengua Presentaci\u00f3n La Ley de Educaci\u00f3n Superior Cap. II Art.7- refiere que los mayores de 25 a\u00f1os que no hayan finalizado el Nivel medio, podr\u00e1n rendir un examen para poder ingresar, como alumnos, a instituciones de nivel superior. Por lo tanto, este cuadernillo es una herramienta para quienes quieran integrarse al espacio educativo &#8230; <a title=\"Cuadernillos de Lengua y Matem\u00e1tica para los ingresantes mayores de 25 a\u00f1os\" class=\"read-more\" href=\"https:\/\/ifdcvm-slu.infd.edu.ar\/sitio\/cuadernillos-de-lengua-y-el-de-matematica-para-los-ingresantes-mayores-de-25-anos\/\" aria-label=\"More on Cuadernillos de Lengua y Matem\u00e1tica para los ingresantes mayores de 25 a\u00f1os\">[+]<\/a><\/p>\n","protected":false},"author":585,"featured_media":7327,"comment_status":"open","ping_status":"open","sticky":false,"template":"","format":"standard","meta":[],"categories":[1],"tags":[],"acf":[],"_links":{"self":[{"href":"https:\/\/ifdcvm-slu.infd.edu.ar\/sitio\/wp-json\/wp\/v2\/posts\/7326"}],"collection":[{"href":"https:\/\/ifdcvm-slu.infd.edu.ar\/sitio\/wp-json\/wp\/v2\/posts"}],"about":[{"href":"https:\/\/ifdcvm-slu.infd.edu.ar\/sitio\/wp-json\/wp\/v2\/types\/post"}],"author":[{"embeddable":true,"href":"https:\/\/ifdcvm-slu.infd.edu.ar\/sitio\/wp-json\/wp\/v2\/users\/585"}],"replies":[{"embeddable":true,"href":"https:\/\/ifdcvm-slu.infd.edu.ar\/sitio\/wp-json\/wp\/v2\/comments?post=7326"}],"version-history":[{"count":13,"href":"https:\/\/ifdcvm-slu.infd.edu.ar\/sitio\/wp-json\/wp\/v2\/posts\/7326\/revisions"}],"predecessor-version":[{"id":7402,"href":"https:\/\/ifdcvm-slu.infd.edu.ar\/sitio\/wp-json\/wp\/v2\/posts\/7326\/revisions\/7402"}],"wp:featuredmedia":[{"embeddable":true,"href":"https:\/\/ifdcvm-slu.infd.edu.ar\/sitio\/wp-json\/wp\/v2\/media\/7327"}],"wp:attachment":[{"href":"https:\/\/ifdcvm-slu.infd.edu.ar\/sitio\/wp-json\/wp\/v2\/media?parent=7326"}],"wp:term":[{"taxonomy":"category","embeddable":true,"href":"https:\/\/ifdcvm-slu.infd.edu.ar\/sitio\/wp-json\/wp\/v2\/categories?post=7326"},{"taxonomy":"post_tag","embeddable":true,"href":"https:\/\/ifdcvm-slu.infd.edu.ar\/sitio\/wp-json\/wp\/v2\/tags?post=7326"}],"curies":[{"name":"wp","href":"https:\/\/api.w.org\/{rel}","templated":true}]}}