{"id":7771,"date":"2020-03-11T18:50:32","date_gmt":"2020-03-11T21:50:32","guid":{"rendered":"https:\/\/ifdcvm-slu.infd.edu.ar\/sitio\/?p=7771"},"modified":"2020-03-11T19:10:40","modified_gmt":"2020-03-11T22:10:40","slug":"7771-2","status":"publish","type":"post","link":"https:\/\/ifdcvm-slu.infd.edu.ar\/sitio\/7771-2\/","title":{"rendered":"CoronaVirus (COVID-19)"},"content":{"rendered":"<h3><strong>\u00bfQu\u00e9 es el coronavirus (COVID-19)?<\/strong><\/h3>\n<p>Los coronavirus son las causas m\u00e1s comunes de resfriados e infecciones del aparato respiratorio. A finales de 2019, un nuevo tipo de coronavirus, comenz\u00f3 a enfermar a personas en China. Tal vez usted haya escuchado que lo llaman COVID-19. Algunos de los primeros casos se diagnosticaron en personas que hab\u00edan visitado mercados donde se vend\u00edan animales y marisco vivos.<br \/>\nCuando los virus se contagian de los animales a las personas, los expertos en salud pueden tardar un tiempo en aprender sobre los detalles de este virus y sobre c\u00f3mo se trasmite.<\/p>\n<p>Fuente:\u00a0<a href=\"https:\/\/kidshealth.org\/es\/parents\/coronavirus-esp.html\" target=\"_blank\" rel=\"noopener\">https:\/\/kidshealth.org\/es\/parents\/coronavirus-esp.html<\/a><\/p>\n<h3><strong>PREVENCI\u00d3N<\/strong><\/h3>\n<p><img decoding=\"async\" loading=\"lazy\" class=\"alignnone size-medium wp-image-7772 aligncenter\" src=\"https:\/\/ifdcvm-slu.infd.edu.ar\/sitio\/wp-content\/uploads\/2020\/03\/IMG-20200311-WA0033-707x1000.jpg\" alt=\"\" width=\"707\" height=\"1000\" srcset=\"https:\/\/ifdcvm-slu.infd.edu.ar\/sitio\/wp-content\/uploads\/2020\/03\/IMG-20200311-WA0033-707x1000.jpg 707w, https:\/\/ifdcvm-slu.infd.edu.ar\/sitio\/wp-content\/uploads\/2020\/03\/IMG-20200311-WA0033.jpg 724w\" sizes=\"(max-width: 707px) 100vw, 707px\" \/><\/p>\n<p><img decoding=\"async\" loading=\"lazy\" class=\"alignnone size-medium wp-image-7773 aligncenter\" src=\"https:\/\/ifdcvm-slu.infd.edu.ar\/sitio\/wp-content\/uploads\/2020\/03\/IMG-20200311-WA0034-707x1000.jpg\" alt=\"\" width=\"707\" height=\"1000\" srcset=\"https:\/\/ifdcvm-slu.infd.edu.ar\/sitio\/wp-content\/uploads\/2020\/03\/IMG-20200311-WA0034-707x1000.jpg 707w, https:\/\/ifdcvm-slu.infd.edu.ar\/sitio\/wp-content\/uploads\/2020\/03\/IMG-20200311-WA0034.jpg 724w\" sizes=\"(max-width: 707px) 100vw, 707px\" \/><\/p>\n<p>&nbsp;<\/p>\n<p><img decoding=\"async\" loading=\"lazy\" class=\"alignnone size-medium wp-image-7774 aligncenter\" src=\"https:\/\/ifdcvm-slu.infd.edu.ar\/sitio\/wp-content\/uploads\/2020\/03\/IMG-20200311-WA0032-707x1000.jpg\" alt=\"\" width=\"707\" height=\"1000\" srcset=\"https:\/\/ifdcvm-slu.infd.edu.ar\/sitio\/wp-content\/uploads\/2020\/03\/IMG-20200311-WA0032-707x1000.jpg 707w, https:\/\/ifdcvm-slu.infd.edu.ar\/sitio\/wp-content\/uploads\/2020\/03\/IMG-20200311-WA0032.jpg 724w\" sizes=\"(max-width: 707px) 100vw, 707px\" \/><\/p>\n<p>&nbsp;<\/p>\n<p>&nbsp;<\/p>\n<p>&nbsp;<\/p>\n","protected":false},"excerpt":{"rendered":"<p>\u00bfQu\u00e9 es el coronavirus (COVID-19)? Los coronavirus son las causas m\u00e1s comunes de resfriados e infecciones del aparato respiratorio. A finales de 2019, un nuevo tipo de coronavirus, comenz\u00f3 a enfermar a personas en China. Tal vez usted haya escuchado que lo llaman COVID-19. Algunos de los primeros casos se diagnosticaron en personas que hab\u00edan &#8230; <a title=\"CoronaVirus (COVID-19)\" class=\"read-more\" href=\"https:\/\/ifdcvm-slu.infd.edu.ar\/sitio\/7771-2\/\" aria-label=\"More on CoronaVirus (COVID-19)\">[+]<\/a><\/p>\n","protected":false},"author":585,"featured_media":7775,"comment_status":"open","ping_status":"open","sticky":false,"template":"","format":"standard","meta":[],"categories":[1],"tags":[],"acf":[],"_links":{"self":[{"href":"https:\/\/ifdcvm-slu.infd.edu.ar\/sitio\/wp-json\/wp\/v2\/posts\/7771"}],"collection":[{"href":"https:\/\/ifdcvm-slu.infd.edu.ar\/sitio\/wp-json\/wp\/v2\/posts"}],"about":[{"href":"https:\/\/ifdcvm-slu.infd.edu.ar\/sitio\/wp-json\/wp\/v2\/types\/post"}],"author":[{"embeddable":true,"href":"https:\/\/ifdcvm-slu.infd.edu.ar\/sitio\/wp-json\/wp\/v2\/users\/585"}],"replies":[{"embeddable":true,"href":"https:\/\/ifdcvm-slu.infd.edu.ar\/sitio\/wp-json\/wp\/v2\/comments?post=7771"}],"version-history":[{"count":2,"href":"https:\/\/ifdcvm-slu.infd.edu.ar\/sitio\/wp-json\/wp\/v2\/posts\/7771\/revisions"}],"predecessor-version":[{"id":7777,"href":"https:\/\/ifdcvm-slu.infd.edu.ar\/sitio\/wp-json\/wp\/v2\/posts\/7771\/revisions\/7777"}],"wp:featuredmedia":[{"embeddable":true,"href":"https:\/\/ifdcvm-slu.infd.edu.ar\/sitio\/wp-json\/wp\/v2\/media\/7775"}],"wp:attachment":[{"href":"https:\/\/ifdcvm-slu.infd.edu.ar\/sitio\/wp-json\/wp\/v2\/media?parent=7771"}],"wp:term":[{"taxonomy":"category","embeddable":true,"href":"https:\/\/ifdcvm-slu.infd.edu.ar\/sitio\/wp-json\/wp\/v2\/categories?post=7771"},{"taxonomy":"post_tag","embeddable":true,"href":"https:\/\/ifdcvm-slu.infd.edu.ar\/sitio\/wp-json\/wp\/v2\/tags?post=7771"}],"curies":[{"name":"wp","href":"https:\/\/api.w.org\/{rel}","templated":true}]}}