{"id":8611,"date":"2020-07-02T13:21:04","date_gmt":"2020-07-02T16:21:04","guid":{"rendered":"https:\/\/ifdcvm-slu.infd.edu.ar\/sitio\/?p=8611"},"modified":"2020-07-02T14:45:37","modified_gmt":"2020-07-02T17:45:37","slug":"espacio-virtual-de-muestra-proyecto-i-proyecto-musical","status":"publish","type":"post","link":"https:\/\/ifdcvm-slu.infd.edu.ar\/sitio\/espacio-virtual-de-muestra-proyecto-i-proyecto-musical\/","title":{"rendered":"Espacio virtual de muestra. \u201cConstruyendo Sue\u00f1os Musicales\u201d"},"content":{"rendered":"<p><span class=\"_5mfr\"><span class=\"_6qdm\">&#x1f534;<\/span><\/span><strong>Espacio virtual de muestra.<\/strong><\/p>\n<p><span class=\"_5mfr\"><span class=\"_6qdm\">&#x25b6;<\/span><\/span>Docente responsable: Mar\u00eda Virginia Gonz\u00e1lez<\/p>\n<p><span class=\"_5mfr\"><span class=\"_6qdm\">&#x25b6;<\/span><\/span><strong>Unidad curricular:<\/strong> Proyecto I (Plan 160 ME 2009) \u2013 Proyecto Musical (Plan 154 ME 2016).<\/p>\n<div class=\"text_exposed_show\">\n<p><span class=\"_5mfr\"><span class=\"_6qdm\">&#x25b6;<\/span><\/span><strong>Datos del proyecto:<\/strong><br \/>\nEl Proyecto deb\u00eda ser un trabajo grupal, donde desde la virtualidad, se ofreciera un taller did\u00e1ctico que pudiera ser aplicado dentro de la educaci\u00f3n formal como no formal. Deb\u00eda tener al menos cuatro clases y utilizar recursos que atravesaran diferentes EC de la carrera. La implementaci\u00f3n result\u00f3 exitosa y el video muestra los resultados.<\/p>\n<p><span class=\"_5mfr\"><span class=\"_6qdm\">&#x25b6;<\/span><\/span><strong>S\u00edntesis de la muestra:<\/strong><br \/>\nVideo de cierre del Proyecto <strong>\u201cConstruyendo Sue\u00f1os Musicales\u201d<\/strong>, en que se facilitaron tutoriales para la construcci\u00f3n y exploraci\u00f3n sonora de instrumentos cotidi\u00e1fonos a ni\u00f1as\/os de entre 6 y 9 a\u00f1os, quienes, acompa\u00f1ados de un mayor, deb\u00edan compartir sus producciones por video.<\/p>\n<p>Expositores:<br \/>\n&#8211; Del Castillo, Mar\u00eda del Valle.<br \/>\n&#8211; Mansilla, Iv\u00e1n.<br \/>\n&#8211; Policino, Maximiliano.<\/p>\n<p>&nbsp;<\/p>\n<\/div>\n<p><iframe loading=\"lazy\" src=\"https:\/\/www.youtube.com\/embed\/gkpWJjG43Yc\" width=\"956\" height=\"538\" frameborder=\"0\" allowfullscreen=\"allowfullscreen\"><\/iframe><\/p>\n<p>Si es de su inter\u00e9s participar, ingrese a la siguiente noticia:\u00a0<a href=\"https:\/\/ifdcvm-slu.infd.edu.ar\/sitio\/espacio-virtual-de-muestra\/\">https:\/\/ifdcvm-slu.infd.edu.ar\/sitio\/espacio-virtual-de-muestra\/<\/a><\/p>\n","protected":false},"excerpt":{"rendered":"<p>&#x1f534;Espacio virtual de muestra. &#x25b6;Docente responsable: Mar\u00eda Virginia Gonz\u00e1lez &#x25b6;Unidad curricular: Proyecto I (Plan 160 ME 2009) \u2013 Proyecto Musical (Plan 154 ME 2016). &#x25b6;Datos del proyecto: El Proyecto deb\u00eda ser un trabajo grupal, donde desde la virtualidad, se ofreciera un taller did\u00e1ctico que pudiera ser aplicado dentro de la educaci\u00f3n formal como no formal. &#8230; <a title=\"Espacio virtual de muestra. \u201cConstruyendo Sue\u00f1os Musicales\u201d\" class=\"read-more\" href=\"https:\/\/ifdcvm-slu.infd.edu.ar\/sitio\/espacio-virtual-de-muestra-proyecto-i-proyecto-musical\/\" aria-label=\"More on Espacio virtual de muestra. \u201cConstruyendo Sue\u00f1os Musicales\u201d\">[+]<\/a><\/p>\n","protected":false},"author":1518,"featured_media":8612,"comment_status":"open","ping_status":"open","sticky":false,"template":"","format":"standard","meta":[],"categories":[11,6],"tags":[],"acf":[],"_links":{"self":[{"href":"https:\/\/ifdcvm-slu.infd.edu.ar\/sitio\/wp-json\/wp\/v2\/posts\/8611"}],"collection":[{"href":"https:\/\/ifdcvm-slu.infd.edu.ar\/sitio\/wp-json\/wp\/v2\/posts"}],"about":[{"href":"https:\/\/ifdcvm-slu.infd.edu.ar\/sitio\/wp-json\/wp\/v2\/types\/post"}],"author":[{"embeddable":true,"href":"https:\/\/ifdcvm-slu.infd.edu.ar\/sitio\/wp-json\/wp\/v2\/users\/1518"}],"replies":[{"embeddable":true,"href":"https:\/\/ifdcvm-slu.infd.edu.ar\/sitio\/wp-json\/wp\/v2\/comments?post=8611"}],"version-history":[{"count":4,"href":"https:\/\/ifdcvm-slu.infd.edu.ar\/sitio\/wp-json\/wp\/v2\/posts\/8611\/revisions"}],"predecessor-version":[{"id":8619,"href":"https:\/\/ifdcvm-slu.infd.edu.ar\/sitio\/wp-json\/wp\/v2\/posts\/8611\/revisions\/8619"}],"wp:featuredmedia":[{"embeddable":true,"href":"https:\/\/ifdcvm-slu.infd.edu.ar\/sitio\/wp-json\/wp\/v2\/media\/8612"}],"wp:attachment":[{"href":"https:\/\/ifdcvm-slu.infd.edu.ar\/sitio\/wp-json\/wp\/v2\/media?parent=8611"}],"wp:term":[{"taxonomy":"category","embeddable":true,"href":"https:\/\/ifdcvm-slu.infd.edu.ar\/sitio\/wp-json\/wp\/v2\/categories?post=8611"},{"taxonomy":"post_tag","embeddable":true,"href":"https:\/\/ifdcvm-slu.infd.edu.ar\/sitio\/wp-json\/wp\/v2\/tags?post=8611"}],"curies":[{"name":"wp","href":"https:\/\/api.w.org\/{rel}","templated":true}]}}