{"id":9338,"date":"2020-11-16T12:10:46","date_gmt":"2020-11-16T15:10:46","guid":{"rendered":"https:\/\/ifdcvm-slu.infd.edu.ar\/sitio\/?p=9338"},"modified":"2020-12-04T10:24:43","modified_gmt":"2020-12-04T13:24:43","slug":"espacio-virtual-de-muestra-ciencias-naturales-y-su-didactica-i-2","status":"publish","type":"post","link":"https:\/\/ifdcvm-slu.infd.edu.ar\/sitio\/espacio-virtual-de-muestra-ciencias-naturales-y-su-didactica-i-2\/","title":{"rendered":"Espacio virtual de muestra: Ciencias Naturales y su did\u00e1ctica I"},"content":{"rendered":"<p><strong><br \/>\n<img decoding=\"async\" loading=\"lazy\" class=\"aligncenter size-full wp-image-9335\" src=\"https:\/\/ifdcvm-slu.infd.edu.ar\/sitio\/wp-content\/uploads\/2020\/11\/Navarro_becerra.png\" alt=\"\" width=\"1080\" height=\"1080\" srcset=\"https:\/\/ifdcvm-slu.infd.edu.ar\/sitio\/wp-content\/uploads\/2020\/11\/Navarro_becerra.png 1080w, https:\/\/ifdcvm-slu.infd.edu.ar\/sitio\/wp-content\/uploads\/2020\/11\/Navarro_becerra-500x500.png 500w, https:\/\/ifdcvm-slu.infd.edu.ar\/sitio\/wp-content\/uploads\/2020\/11\/Navarro_becerra-1000x1000.png 1000w, https:\/\/ifdcvm-slu.infd.edu.ar\/sitio\/wp-content\/uploads\/2020\/11\/Navarro_becerra-768x768.png 768w\" sizes=\"(max-width: 1080px) 100vw, 1080px\" \/><\/strong><\/p>\n<p><strong>ESPACIO VIRTUAL DE MUESTRA<\/strong><\/p>\n<p><strong>Docente\/s responsable\/s:<\/strong> Natalia Navarro Becerra, Carla Ulla<\/p>\n<p><strong>Unidad curricular:<\/strong> Ciencias Naturales y su did\u00e1ctica I<\/p>\n<p><strong>Tipo de muestra (escrita, musical, visual, literaria, multimedial, educativa, cultural, etc.):<\/strong> Cuentacuentos biol\u00f3gicos<\/p>\n<p><strong>Criterios de evaluaci\u00f3n de el\/los trabajo\/s: <\/strong><\/p>\n<p><strong><u>En relaci\u00f3n a la escritura:<\/u><\/strong><\/p>\n<p>Claridad conceptual en relaci\u00f3n a los contenidos del NAP elegido.<\/p>\n<p>Que presente las caracter\u00edsticas de un cuento.<\/p>\n<p>Ser acorde a la edad de los destinatarios.<\/p>\n<p><strong><u>En relaci\u00f3n a la producci\u00f3n del formato digital:<\/u><\/strong><\/p>\n<p>Utilizar alguno de los recursos multimediales aprendido en la materia Alfabetizaci\u00f3n digital en 1\u00b0 a\u00f1o.<\/p>\n<p><strong>S\u00edntesis de la muestra o trabajo: <\/strong><\/p>\n<p>Para articular el aprendizaje de los contenidos conceptuales, fortalecer el ejercicio de la escritura y aplicar recursos digitales aprendidos en primer a\u00f1o en Alfabetizaci\u00f3n Digital, es que se les propuso a los alumnos escribir en grupo, un cuento para sexto grado, suponiendo que tuvieran que utilizarlo como un recurso para la ense\u00f1anza no presencial. Se eligi\u00f3 el eje Los seres vivos: unidad, diversidad, interrelaciones y cambios, debido a que en este espacio curricular se trabajan los contenidos conceptuales correspondientes al mismo y se asignaron tres NAP de los que deb\u00edan seleccionar uno para realizar la consigna:<\/p>\n<ul>\n<li>El reconocimiento de los seres vivos como sistemas abiertos, destacando las principales relaciones que se establecen con el medio.<\/li>\n<li>El reconocimiento del hombre como agente modificador del ambiente y de su importancia en su preservaci\u00f3n.<\/li>\n<li>El acercamiento a la noci\u00f3n de c\u00e9lula como unidad estructural y funcional desde la perspectiva de los niveles de organizaci\u00f3n de los seres vivos.<\/li>\n<\/ul>\n<p>Una vez que la escritura del cuento estuvo aprobada, se trabaj\u00f3 en conjunto con las Profesoras Mariana Reinoso, Silvana Bovio y las ayudantes alumnas de Recursos Did\u00e1cticos Digitales en un sistema de tutor\u00edas de pares, para el asesoramiento y acompa\u00f1amiento de los grupos en el dise\u00f1o del formato digital del cuento.<\/p>\n<p><strong>N\u00f3mina de expositora\/s \/expositor\/es:<\/strong><\/p>\n<ol>\n<li><\/li>\n<\/ol>\n<table width=\"762\">\n<tbody>\n<tr>\n<td width=\"153\"><strong>Apellido\/s, nombre\/s<\/strong><\/td>\n<td width=\"118\"><strong>DNI<\/strong><\/td>\n<td width=\"234\"><strong>NAP para 6to grado<\/strong><\/td>\n<td width=\"258\"><strong>Multimedia<\/strong><\/td>\n<\/tr>\n<tr>\n<td width=\"153\"><strong>Barboza Ana Valeria<\/strong><\/td>\n<td width=\"118\"><strong>27.596.306<\/strong><\/td>\n<td width=\"234\">El reconocimiento del hombre como agente modificador del ambiente y de su importancia en su preservaci\u00f3n.<\/td>\n<td width=\"258\"><strong>\u00bfBien o mal?<\/strong><\/p>\n<p><strong>\u00a0<\/strong><\/p>\n<p><a href=\"https:\/\/youtu.be\/PGEozU3KBBw\"><strong>https:\/\/youtu.be\/PGEozU3KBBw<\/strong><\/a><\/td>\n<\/tr>\n<tr>\n<td width=\"153\"><strong>Dominguez Martinez Andrea<\/strong><\/td>\n<td width=\"118\"><strong>37.090.266<\/strong><\/td>\n<td width=\"234\"><strong>\u00a0<\/strong><\/td>\n<td width=\"258\"><strong>\u00a0<\/strong><\/td>\n<\/tr>\n<tr>\n<td width=\"153\"><strong>Gil Erika Gissela<\/strong><\/td>\n<td width=\"118\"><strong>37.090.743<\/strong><\/td>\n<td width=\"234\"><strong>\u00a0<\/strong><\/td>\n<td width=\"258\"><strong>\u00a0<\/strong><\/td>\n<\/tr>\n<tr>\n<td width=\"153\"><strong>Gonzales Miriam<\/strong><\/td>\n<td width=\"118\"><strong>37.505.651<\/strong><\/td>\n<td width=\"234\"><strong>\u00a0<\/strong><\/td>\n<td width=\"258\"><strong>\u00a0<\/strong><\/td>\n<\/tr>\n<tr>\n<td width=\"153\"><strong>Morales EriKa Romina<\/strong><\/td>\n<td width=\"118\"><strong>37.504.968<\/strong><\/td>\n<td width=\"234\"><strong>\u00a0<\/strong><\/td>\n<td width=\"258\"><strong>\u00a0<\/strong><\/td>\n<\/tr>\n<tr>\n<td width=\"153\"><strong>Apecechea Evelyn<\/strong><\/td>\n<td width=\"118\"><strong>39.797.745<\/strong><\/td>\n<td width=\"234\">El acercamiento a la noci\u00f3n de c\u00e9lula como unidad estructural y funcional desde la perspectiva de los niveles de organizaci\u00f3n de los seres vivos.<\/p>\n<p><strong>\u00a0<\/strong><\/td>\n<td width=\"258\"><strong>La gran aventura de Zoe<\/strong><\/p>\n<p><strong>\u00a0<\/strong><\/p>\n<p><a href=\"https:\/\/drive.google.com\/file\/d\/1wDQUOev4x0Sd2HiA6e62WZ544vXxc8M1\/view?usp=sharing\"><strong>https:\/\/drive.google.com\/file\/d\/1wDQUOev4x0Sd2HiA6e62WZ544vXxc8M1\/view?usp=sharing<\/strong><\/a><\/p>\n<p><strong>\u00a0<\/strong><\/td>\n<\/tr>\n<tr>\n<td width=\"153\"><strong>Armajach Luciana<\/strong><\/p>\n<p><strong>\u00a0<\/strong><\/td>\n<td width=\"118\"><strong>29.291.484<\/strong><\/td>\n<td width=\"234\"><strong>\u00a0<\/strong><\/td>\n<td width=\"258\"><strong>\u00a0<\/strong><\/td>\n<\/tr>\n<tr>\n<td width=\"153\"><strong>Lucero Rocio<\/strong><\/p>\n<p><strong>\u00a0<\/strong><\/td>\n<td width=\"118\"><strong>35.313.829<\/strong><\/td>\n<td width=\"234\"><strong>\u00a0<\/strong><\/td>\n<td width=\"258\"><strong>\u00a0<\/strong><\/td>\n<\/tr>\n<tr>\n<td width=\"153\"><strong>Scally Romina<\/strong><\/p>\n<p><strong>\u00a0<\/strong><\/p>\n<p><strong>\u00a0<\/strong><\/td>\n<td width=\"118\"><strong>27.544.176<\/strong><\/td>\n<td width=\"234\"><strong>\u00a0<\/strong><\/td>\n<td width=\"258\"><strong>\u00a0<\/strong><\/td>\n<\/tr>\n<tr>\n<td width=\"153\"><strong>Podetti Travaglia Sabrina Ysabel<\/strong><\/td>\n<td width=\"118\"><strong>34.104.850<\/strong><\/td>\n<td width=\"234\"><strong>\u00a0<\/strong><\/td>\n<td width=\"258\"><strong>\u00a0<\/strong><\/td>\n<\/tr>\n<tr>\n<td width=\"153\"><strong>Puszkar Samantha<\/strong><\/p>\n<p><strong>\u00a0<\/strong><\/td>\n<td width=\"118\"><strong>29.813.139<\/strong><\/td>\n<td width=\"234\">El acercamiento a la noci\u00f3n de c\u00e9lula como unidad estructural y funcional desde la perspectiva de los niveles de organizaci\u00f3n de los seres vivos.<\/td>\n<td width=\"258\"><strong>Cuando el mundo cambi\u00f3&#8230;<\/strong><\/p>\n<p><strong>\u00a0<\/strong><\/p>\n<p><a href=\"https:\/\/drive.google.com\/file\/d\/1yHHxrG1bRDMCSf5mdCYBP5knO3Bb7I6U\/view?usp=sharing\"><strong>https:\/\/drive.google.com\/file\/d\/1yHHxrG1bRDMCSf5mdCYBP5knO3Bb7I6U\/view?usp=sharing<\/strong><\/a><\/p>\n<p><strong>\u00a0<\/strong><\/td>\n<\/tr>\n<tr>\n<td width=\"153\"><strong>Vega Suarez Melisa<\/strong><\/td>\n<td width=\"118\"><strong>33.206.312<\/strong><\/td>\n<td width=\"234\"><strong>\u00a0<\/strong><\/td>\n<td width=\"258\"><strong>\u00a0<\/strong><\/td>\n<\/tr>\n<tr>\n<td width=\"153\"><strong>Jofr\u00e9 Maria de los \u00c1ngeles<\/strong><\/td>\n<td width=\"118\"><strong>26.214.444<\/strong><\/td>\n<td width=\"234\"><strong>\u00a0<\/strong><\/td>\n<td width=\"258\"><strong>\u00a0<\/strong><\/td>\n<\/tr>\n<tr>\n<td width=\"153\"><strong>Gatica Maria Lucrecia<\/strong><\/td>\n<td width=\"118\"><strong>36.414.620<\/strong><\/td>\n<td width=\"234\"><strong>\u00a0<\/strong><\/td>\n<td width=\"258\"><strong>\u00a0<\/strong><\/td>\n<\/tr>\n<tr>\n<td width=\"153\"><strong>Ortiz Melina<\/strong><\/td>\n<td width=\"118\"><strong>42.562.399<\/strong><\/td>\n<td width=\"234\">El reconocimiento de los seres vivos como sistemas abiertos, destacando las principales relaciones que se establecen con el medio.<\/td>\n<td width=\"258\"><strong>El viaje de Marisa la hormiga<\/strong><\/p>\n<p><a href=\"https:\/\/www.canva.com\/design\/DAD9YpyuYlI\/0rpjMkHJVdDVCCw-x8E53g\/view?utm_content=DAD9YpyuYlI&amp;utm_campaign=designshare&amp;utm_medium=link&amp;utm_source=publishsharelink\"><strong>https:\/\/www.canva.com\/design\/DAD9YpyuYlI\/0rpjMkHJVdDVCCw-x8E53g\/view?utm_content=DAD9YpyuYlI&amp;utm_campaign=designshare&amp;utm_medium=link&amp;utm_source=publishsharelink<\/strong><\/a><\/p>\n<p><strong>\u00a0<\/strong><\/td>\n<\/tr>\n<tr>\n<td width=\"153\"><strong>Aguero Ocampos Maria Laura<\/strong><\/td>\n<td width=\"118\"><strong>37.090.084<\/strong><\/td>\n<td width=\"234\"><strong>\u00a0<\/strong><\/td>\n<td width=\"258\"><strong>\u00a0<\/strong><\/td>\n<\/tr>\n<tr>\n<td width=\"153\"><strong>Ortiz Melody<\/strong><\/td>\n<td width=\"118\"><strong>37.639.407<\/strong><\/td>\n<td width=\"234\"><strong>\u00a0<\/strong><\/td>\n<td width=\"258\"><strong>\u00a0<\/strong><\/td>\n<\/tr>\n<tr>\n<td width=\"153\"><strong>Calvo Daiana<\/strong><\/td>\n<td width=\"118\"><strong>40.823.513<\/strong><\/td>\n<td width=\"234\"><strong>\u00a0<\/strong><\/td>\n<td width=\"258\"><strong>\u00a0<\/strong><\/td>\n<\/tr>\n<tr>\n<td width=\"153\"><strong>\u00c1vila Agustina Micaela<\/strong><\/td>\n<td width=\"118\"><strong>38.220.922<\/strong><\/td>\n<td width=\"234\"><strong>\u00a0<\/strong><\/td>\n<td width=\"258\"><strong>\u00a0<\/strong><\/td>\n<\/tr>\n<tr>\n<td width=\"153\"><strong>Carrizo Adriana Marisel<\/strong><\/td>\n<td width=\"118\"><strong>32.159.437<\/strong><\/td>\n<td width=\"234\">El acercamiento a la noci\u00f3n de c\u00e9lula como unidad estructural y funcional desde la perspectiva de los niveles de organizaci\u00f3n de los seres vivos.<\/td>\n<td width=\"258\"><strong>Juli\u00e1n y el superh\u00e9roe contraatacan al virus<\/strong><\/p>\n<p><a href=\"https:\/\/www.youtube.com\/watch?v=FDU_REiTg8k&amp;feature=youtu.be\"><strong>https:\/\/www.youtube.com\/watch?v=FDU_REiTg8k&amp;feature=youtu.be<\/strong><\/a><\/p>\n<p><strong>\u00a0<\/strong><\/td>\n<\/tr>\n<tr>\n<td width=\"153\"><strong>\u00c4vila Agustina Romina<\/strong><\/td>\n<td width=\"118\"><strong>39.394.777<\/strong><\/td>\n<td width=\"234\"><strong>\u00a0<\/strong><\/td>\n<td width=\"258\"><strong>\u00a0<\/strong><\/td>\n<\/tr>\n<tr>\n<td width=\"153\"><strong>Lorr\u00e9 Viviana Anal\u00eda<\/strong><\/td>\n<td width=\"118\"><strong>36.366.981<\/strong><\/td>\n<td width=\"234\"><strong>\u00a0<\/strong><\/td>\n<td width=\"258\"><strong>\u00a0<\/strong><\/td>\n<\/tr>\n<tr>\n<td width=\"153\"><strong>Moreno Carina<\/strong><\/td>\n<td width=\"118\"><strong>36.274.343<\/strong><\/td>\n<td width=\"234\"><strong>\u00a0<\/strong><\/td>\n<td width=\"258\"><strong>\u00a0<\/strong><\/td>\n<\/tr>\n<tr>\n<td width=\"153\"><strong>Oyola Melisa<\/strong><\/td>\n<td width=\"118\"><strong>42.632.071<\/strong><\/td>\n<td width=\"234\"><strong>\u00a0<\/strong><\/td>\n<td width=\"258\"><strong>\u00a0<\/strong><\/td>\n<\/tr>\n<tr>\n<td width=\"153\"><strong>Baldevenitez Sabrina<\/strong><\/td>\n<td width=\"118\"><strong>36.046.872<\/strong><\/td>\n<td width=\"234\"><strong>\u00a0<\/strong><\/td>\n<td width=\"258\"><strong>Alma, aquel librito y Chuy Verdillo<\/strong><\/p>\n<p><a href=\"https:\/\/www.youtube.com\/watch?v=D9u1BmVd7ns&amp;t=42s\"><strong>https:\/\/www.youtube.com\/watch?v=<\/strong><\/a>\u00a0<a href=\"https:\/\/www.youtube.com\/watch?v=D9u1BmVd7ns&amp;t=42s\"><strong>&amp;t=42s<\/strong><\/a><\/p>\n<p><strong>\u00a0<\/strong><\/td>\n<\/tr>\n<tr>\n<td width=\"153\"><strong>Poggi Bel\u00e9n <\/strong><\/td>\n<td width=\"118\"><strong>39.933.146<\/strong><\/td>\n<td width=\"234\"><strong>\u00a0<\/strong><\/td>\n<td width=\"258\"><strong>\u00a0<\/strong><\/td>\n<\/tr>\n<tr>\n<td width=\"153\"><strong>Torres Gabriela <\/strong><\/td>\n<td width=\"118\"><strong>39.137.818<\/strong><\/td>\n<td width=\"234\"><strong>\u00a0<\/strong><\/td>\n<td width=\"258\"><strong>\u00a0<\/strong><\/td>\n<\/tr>\n<tr>\n<td width=\"153\"><strong>Soloa Agustina <\/strong><\/td>\n<td width=\"118\"><strong>38.090.764<\/strong><\/td>\n<td width=\"234\"><strong>\u00a0<\/strong><\/td>\n<td width=\"258\"><strong>\u00a0<\/strong><\/td>\n<\/tr>\n<tr>\n<td width=\"153\"><strong>Araniz Ludmila <\/strong><\/td>\n<td width=\"118\"><strong>39.137.825<\/strong><\/td>\n<td width=\"234\"><strong>\u00a0<\/strong><\/td>\n<td width=\"258\"><strong>El bosque herido<\/strong><\/p>\n<p><a href=\"https:\/\/youtu.be\/PyiUJO0i1jo\"><strong>https:\/\/youtu.be\/PyiUJO0i1jo<\/strong><\/a><\/p>\n<p><strong>\u00a0<\/strong><\/td>\n<\/tr>\n<tr>\n<td width=\"153\"><strong>Jofre Jessica <\/strong><\/td>\n<td width=\"118\"><strong>33.136.546<\/strong><\/td>\n<td width=\"234\"><strong>\u00a0<\/strong><\/td>\n<td width=\"258\"><strong>\u00a0<\/strong><\/td>\n<\/tr>\n<tr>\n<td width=\"153\"><strong>Jofre Tamara <\/strong><\/td>\n<td width=\"118\"><strong>37.192.654<\/strong><\/td>\n<td width=\"234\"><strong>\u00a0<\/strong><\/td>\n<td width=\"258\"><strong>\u00a0<\/strong><\/td>\n<\/tr>\n<tr>\n<td width=\"153\"><strong>Maldonado Oriana Itat\u00ed<\/strong><\/td>\n<td width=\"118\"><strong>43.359.676<\/strong><\/td>\n<td width=\"234\"><strong>\u00a0<\/strong><\/td>\n<td width=\"258\"><strong>\u00a0<\/strong><\/td>\n<\/tr>\n<tr>\n<td width=\"153\"><strong>\u00a0<\/strong><\/td>\n<td width=\"118\"><strong>\u00a0<\/strong><\/td>\n<td width=\"234\"><strong>\u00a0<\/strong><\/td>\n<td width=\"258\"><strong>\u00a0<\/strong><\/td>\n<\/tr>\n<\/tbody>\n<\/table>\n<p>&nbsp;<\/p>\n","protected":false},"excerpt":{"rendered":"<p>ESPACIO VIRTUAL DE MUESTRA Docente\/s responsable\/s: Natalia Navarro Becerra, Carla Ulla Unidad curricular: Ciencias Naturales y su did\u00e1ctica I Tipo de muestra (escrita, musical, visual, literaria, multimedial, educativa, cultural, etc.): Cuentacuentos biol\u00f3gicos Criterios de evaluaci\u00f3n de el\/los trabajo\/s: En relaci\u00f3n a la escritura: Claridad conceptual en relaci\u00f3n a los contenidos del NAP elegido. Que presente &#8230; <a title=\"Espacio virtual de muestra: Ciencias Naturales y su did\u00e1ctica I\" class=\"read-more\" href=\"https:\/\/ifdcvm-slu.infd.edu.ar\/sitio\/espacio-virtual-de-muestra-ciencias-naturales-y-su-didactica-i-2\/\" aria-label=\"More on Espacio virtual de muestra: Ciencias Naturales y su did\u00e1ctica I\">[+]<\/a><\/p>\n","protected":false},"author":1518,"featured_media":9336,"comment_status":"open","ping_status":"open","sticky":false,"template":"","format":"standard","meta":[],"categories":[11,6],"tags":[],"acf":[],"_links":{"self":[{"href":"https:\/\/ifdcvm-slu.infd.edu.ar\/sitio\/wp-json\/wp\/v2\/posts\/9338"}],"collection":[{"href":"https:\/\/ifdcvm-slu.infd.edu.ar\/sitio\/wp-json\/wp\/v2\/posts"}],"about":[{"href":"https:\/\/ifdcvm-slu.infd.edu.ar\/sitio\/wp-json\/wp\/v2\/types\/post"}],"author":[{"embeddable":true,"href":"https:\/\/ifdcvm-slu.infd.edu.ar\/sitio\/wp-json\/wp\/v2\/users\/1518"}],"replies":[{"embeddable":true,"href":"https:\/\/ifdcvm-slu.infd.edu.ar\/sitio\/wp-json\/wp\/v2\/comments?post=9338"}],"version-history":[{"count":3,"href":"https:\/\/ifdcvm-slu.infd.edu.ar\/sitio\/wp-json\/wp\/v2\/posts\/9338\/revisions"}],"predecessor-version":[{"id":9435,"href":"https:\/\/ifdcvm-slu.infd.edu.ar\/sitio\/wp-json\/wp\/v2\/posts\/9338\/revisions\/9435"}],"wp:featuredmedia":[{"embeddable":true,"href":"https:\/\/ifdcvm-slu.infd.edu.ar\/sitio\/wp-json\/wp\/v2\/media\/9336"}],"wp:attachment":[{"href":"https:\/\/ifdcvm-slu.infd.edu.ar\/sitio\/wp-json\/wp\/v2\/media?parent=9338"}],"wp:term":[{"taxonomy":"category","embeddable":true,"href":"https:\/\/ifdcvm-slu.infd.edu.ar\/sitio\/wp-json\/wp\/v2\/categories?post=9338"},{"taxonomy":"post_tag","embeddable":true,"href":"https:\/\/ifdcvm-slu.infd.edu.ar\/sitio\/wp-json\/wp\/v2\/tags?post=9338"}],"curies":[{"name":"wp","href":"https:\/\/api.w.org\/{rel}","templated":true}]}}