{"id":9939,"date":"2021-04-07T10:47:47","date_gmt":"2021-04-07T13:47:47","guid":{"rendered":"https:\/\/ifdcvm-slu.infd.edu.ar\/sitio\/?p=9939"},"modified":"2021-04-07T11:02:45","modified_gmt":"2021-04-07T14:02:45","slug":"v-foro-regional-de-educacion-ambiental-13-14-y-15-de-abril-de-2021","status":"publish","type":"post","link":"https:\/\/ifdcvm-slu.infd.edu.ar\/sitio\/v-foro-regional-de-educacion-ambiental-13-14-y-15-de-abril-de-2021\/","title":{"rendered":"V Foro Regional de Educaci\u00f3n Ambiental. 13, 14 y 15 de abril de 2021."},"content":{"rendered":"<div>\n<div>13, 14 y 15 de Abril, desde las 18hs\u00a0\u00a0<b><br \/>\n<\/b><\/div>\n<p><b>V FORO REGIONAL DE EDUCACI\u00d3N AMBIENTAL.<\/b><br \/>\n<i>\u201cNuevas miradas al patrimonio villamercedino\u201d<\/i><\/p>\n<div><a href=\"https:\/\/drive.google.com\/file\/d\/126t4q-T8-pQYnkScc8pDK1laBrnxgYKM\/view?usp=sharing\">Resoluci\u00f3n 08-SCD-2021<\/a> \/ Declarado de inter\u00e9s cultural por el Concejo Deliberante Villa Mercedes (San Luis).<\/div>\n<div>\n<hr \/>\n<\/div>\n<\/div>\n<h3>CRONOGRAMA<\/h3>\n<div><strong>Martes 13<\/strong><\/div>\n<div><img decoding=\"async\" loading=\"lazy\" class=\"aligncenter size-medium wp-image-9940\" src=\"https:\/\/ifdcvm-slu.infd.edu.ar\/sitio\/wp-content\/uploads\/2021\/04\/2-1000x1000.png\" alt=\"\" width=\"1000\" height=\"1000\" srcset=\"https:\/\/ifdcvm-slu.infd.edu.ar\/sitio\/wp-content\/uploads\/2021\/04\/2-1000x1000.png 1000w, https:\/\/ifdcvm-slu.infd.edu.ar\/sitio\/wp-content\/uploads\/2021\/04\/2-500x500.png 500w, https:\/\/ifdcvm-slu.infd.edu.ar\/sitio\/wp-content\/uploads\/2021\/04\/2-768x768.png 768w, https:\/\/ifdcvm-slu.infd.edu.ar\/sitio\/wp-content\/uploads\/2021\/04\/2.png 1080w\" sizes=\"(max-width: 1000px) 100vw, 1000px\" \/><\/div>\n<div>\n<hr \/>\n<\/div>\n<div><strong>Mi\u00e9rcoles 14<\/strong><\/div>\n<div><img decoding=\"async\" loading=\"lazy\" class=\"aligncenter size-medium wp-image-9941\" src=\"https:\/\/ifdcvm-slu.infd.edu.ar\/sitio\/wp-content\/uploads\/2021\/04\/3-1000x1000.png\" alt=\"\" width=\"1000\" height=\"1000\" srcset=\"https:\/\/ifdcvm-slu.infd.edu.ar\/sitio\/wp-content\/uploads\/2021\/04\/3-1000x1000.png 1000w, https:\/\/ifdcvm-slu.infd.edu.ar\/sitio\/wp-content\/uploads\/2021\/04\/3-500x500.png 500w, https:\/\/ifdcvm-slu.infd.edu.ar\/sitio\/wp-content\/uploads\/2021\/04\/3-768x768.png 768w, https:\/\/ifdcvm-slu.infd.edu.ar\/sitio\/wp-content\/uploads\/2021\/04\/3.png 1080w\" sizes=\"(max-width: 1000px) 100vw, 1000px\" \/><\/div>\n<div>\n<hr \/>\n<\/div>\n<div><strong>Jueves 15<\/strong><\/div>\n<div><img decoding=\"async\" loading=\"lazy\" class=\"aligncenter size-medium wp-image-9942\" src=\"https:\/\/ifdcvm-slu.infd.edu.ar\/sitio\/wp-content\/uploads\/2021\/04\/4-1000x1000.png\" alt=\"\" width=\"1000\" height=\"1000\" srcset=\"https:\/\/ifdcvm-slu.infd.edu.ar\/sitio\/wp-content\/uploads\/2021\/04\/4-1000x1000.png 1000w, https:\/\/ifdcvm-slu.infd.edu.ar\/sitio\/wp-content\/uploads\/2021\/04\/4-500x500.png 500w, https:\/\/ifdcvm-slu.infd.edu.ar\/sitio\/wp-content\/uploads\/2021\/04\/4-768x768.png 768w, https:\/\/ifdcvm-slu.infd.edu.ar\/sitio\/wp-content\/uploads\/2021\/04\/4.png 1080w\" sizes=\"(max-width: 1000px) 100vw, 1000px\" \/><\/div>\n<div>\n<div><\/div>\n<div><strong>Modalidad virtual<\/strong><\/div>\n<\/div>\n<div><strong><em>INSCRIPCIONES<\/em><\/strong>:<\/div>\n<div>Para participar del V Foro y acreditar su participaci\u00f3n, deber\u00e1 hacer los talleres planificados para cada d\u00eda.<\/div>\n<div><\/div>\n<div>Complete su inscripci\u00f3n completando el formulario de cada d\u00eda:<\/div>\n<div><strong>Talleres MARTES 13<\/strong>:\u00a0<a href=\"https:\/\/forms.gle\/CCf55Xw8ZL7sjq197\" target=\"_blank\" rel=\"noopener\" data-saferedirecturl=\"https:\/\/www.google.com\/url?q=https:\/\/forms.gle\/CCf55Xw8ZL7sjq197&amp;source=gmail&amp;ust=1617886623439000&amp;usg=AFQjCNGLZ1s1tVGx0r1HMSCdQxAVzq3R-A\">https:\/\/forms.gle\/<wbr \/>CCf55Xw8ZL7sjq197<\/a><\/div>\n<div><strong>Talleres MI\u00c9RCOLES 14<\/strong>:\u00a0<a href=\"https:\/\/forms.gle\/2vWKYYZEBoJCHcnw7\" target=\"_blank\" rel=\"noopener\" data-saferedirecturl=\"https:\/\/www.google.com\/url?q=https:\/\/forms.gle\/2vWKYYZEBoJCHcnw7&amp;source=gmail&amp;ust=1617886623440000&amp;usg=AFQjCNEtbVBTG9umQgQQ3f5qvBRO1sqtNA\">https:\/\/forms.gle\/<wbr \/>2vWKYYZEBoJCHcnw7<\/a><\/div>\n<div><\/div>\n<div>Las conferencias y presentaciones ser\u00e1n transmitidas a trav\u00e9s del canal de <a href=\"https:\/\/www.youtube.com\/user\/MGVSOFTWARE\/videos\">YouTube del IFDC-VM<\/a>\u00a0\u00a0o p\u00e1gina web\u00a0<a href=\"http:\/\/www.ifdcvm.edu.ar\/\" target=\"_blank\" rel=\"noopener\" data-saferedirecturl=\"https:\/\/www.google.com\/url?q=http:\/\/www.ifdcvm.edu.ar&amp;source=gmail&amp;ust=1617886623440000&amp;usg=AFQjCNFFzOFKZWm0CTrCiLXKDtsOrhGLqQ\">www.ifdcvm.edu.ar<\/a>. <strong>Estas actividades no requieren inscripci\u00f3n previa.<\/strong><\/div>\n","protected":false},"excerpt":{"rendered":"<p>13, 14 y 15 de Abril, desde las 18hs\u00a0\u00a0 V FORO REGIONAL DE EDUCACI\u00d3N AMBIENTAL. \u201cNuevas miradas al patrimonio villamercedino\u201d Resoluci\u00f3n 08-SCD-2021 \/ Declarado de inter\u00e9s cultural por el Concejo Deliberante Villa Mercedes (San Luis). CRONOGRAMA Martes 13 Mi\u00e9rcoles 14 Jueves 15 Modalidad virtual INSCRIPCIONES: Para participar del V Foro y acreditar su participaci\u00f3n, deber\u00e1 &#8230; <a title=\"V Foro Regional de Educaci\u00f3n Ambiental. 13, 14 y 15 de abril de 2021.\" class=\"read-more\" href=\"https:\/\/ifdcvm-slu.infd.edu.ar\/sitio\/v-foro-regional-de-educacion-ambiental-13-14-y-15-de-abril-de-2021\/\" aria-label=\"More on V Foro Regional de Educaci\u00f3n Ambiental. 13, 14 y 15 de abril de 2021.\">[+]<\/a><\/p>\n","protected":false},"author":1518,"featured_media":9943,"comment_status":"open","ping_status":"open","sticky":false,"template":"","format":"standard","meta":[],"categories":[9,10,11,6],"tags":[],"acf":[],"_links":{"self":[{"href":"https:\/\/ifdcvm-slu.infd.edu.ar\/sitio\/wp-json\/wp\/v2\/posts\/9939"}],"collection":[{"href":"https:\/\/ifdcvm-slu.infd.edu.ar\/sitio\/wp-json\/wp\/v2\/posts"}],"about":[{"href":"https:\/\/ifdcvm-slu.infd.edu.ar\/sitio\/wp-json\/wp\/v2\/types\/post"}],"author":[{"embeddable":true,"href":"https:\/\/ifdcvm-slu.infd.edu.ar\/sitio\/wp-json\/wp\/v2\/users\/1518"}],"replies":[{"embeddable":true,"href":"https:\/\/ifdcvm-slu.infd.edu.ar\/sitio\/wp-json\/wp\/v2\/comments?post=9939"}],"version-history":[{"count":5,"href":"https:\/\/ifdcvm-slu.infd.edu.ar\/sitio\/wp-json\/wp\/v2\/posts\/9939\/revisions"}],"predecessor-version":[{"id":9948,"href":"https:\/\/ifdcvm-slu.infd.edu.ar\/sitio\/wp-json\/wp\/v2\/posts\/9939\/revisions\/9948"}],"wp:featuredmedia":[{"embeddable":true,"href":"https:\/\/ifdcvm-slu.infd.edu.ar\/sitio\/wp-json\/wp\/v2\/media\/9943"}],"wp:attachment":[{"href":"https:\/\/ifdcvm-slu.infd.edu.ar\/sitio\/wp-json\/wp\/v2\/media?parent=9939"}],"wp:term":[{"taxonomy":"category","embeddable":true,"href":"https:\/\/ifdcvm-slu.infd.edu.ar\/sitio\/wp-json\/wp\/v2\/categories?post=9939"},{"taxonomy":"post_tag","embeddable":true,"href":"https:\/\/ifdcvm-slu.infd.edu.ar\/sitio\/wp-json\/wp\/v2\/tags?post=9939"}],"curies":[{"name":"wp","href":"https:\/\/api.w.org\/{rel}","templated":true}]}}